{"id":143100,"date":"2020-06-17T11:57:25","date_gmt":"2020-06-17T08:57:25","guid":{"rendered":"http:\/\/sana.sy\/es\/?p=143100"},"modified":"2020-06-17T11:57:25","modified_gmt":"2020-06-17T08:57:25","slug":"la-ley-cesar-es-una-prueba-de-la-victoria-de-siria-contra-el-terrorismo-afirma-nasrallah","status":"publish","type":"post","link":"https:\/\/archive.sana.sy\/es\/?p=143100","title":{"rendered":"La \u201cLey C\u00e9sar\u201d es una prueba de la victoria de Siria contra el terrorismo, afirma Nasrallah"},"content":{"rendered":"<p style=\"text-align: justify;\"><strong><span style=\"color: #800000;\">Beirut, SANA<\/span><\/strong><\/p>\n<p style=\"text-align: justify;\">El secretario general de Hizbullah, Hassan Nasrallah, afirm\u00f3 que Estados Unidos recurri\u00f3 a imponer la \u201cLey C\u00e9sar\u201d contra Siria como \u00faltimo intento para asfixiar al pueblo sirio.<\/p>\n<p style=\"text-align: justify;\">Enfatiz\u00f3 que tales sanciones injustas contra el pueblo sirio muestran claramente la victoria de Siria en su guerra militar contra el terrorismo que enfrent\u00f3 durante casi una d\u00e9cada.<\/p>\n<p style=\"text-align: justify;\">\u201cLos aliados de Siria, que la respaldaron pol\u00edtica y militarmente, no la abandonar\u00e1n en el enfrentamiento a esa guerra econ\u00f3mica y no permitir\u00e1n que la Ley de C\u00e9sar la derrotara\u201d, dijo el l\u00edder de la residencia libanesa.<\/p>\n<p style=\"text-align: justify;\"><span style=\"color: #0000ff;\"><strong>W.S\/F.M<\/strong><\/span><\/p>\n","protected":false},"excerpt":{"rendered":"<p>Beirut, SANA El secretario general de Hizbullah, Hassan Nasrallah, afirm\u00f3 que Estados Unidos recurri\u00f3 a imponer la \u201cLey C\u00e9sar\u201d contra Siria como \u00faltimo intento para asfixiar al pueblo sirio. Enfatiz\u00f3 que tales sanciones injustas contra el pueblo sirio muestran claramente la victoria de Siria en su guerra militar contra el terrorismo que enfrent\u00f3 durante casi &hellip;<\/p>\n","protected":false},"author":35,"featured_media":143101,"comment_status":"closed","ping_status":"closed","sticky":false,"template":"","format":"standard","meta":{"footnotes":""},"categories":[597,467,7541],"tags":[],"class_list":["post-143100","post","type-post","status-publish","format-standard","has-post-thumbnail","","category-cinta-de-noticias","category-siria-y-el-mundo","category-ultimas-noticias"],"_links":{"self":[{"href":"https:\/\/archive.sana.sy\/es\/index.php?rest_route=\/wp\/v2\/posts\/143100"}],"collection":[{"href":"https:\/\/archive.sana.sy\/es\/index.php?rest_route=\/wp\/v2\/posts"}],"about":[{"href":"https:\/\/archive.sana.sy\/es\/index.php?rest_route=\/wp\/v2\/types\/post"}],"author":[{"embeddable":true,"href":"https:\/\/archive.sana.sy\/es\/index.php?rest_route=\/wp\/v2\/users\/35"}],"replies":[{"embeddable":true,"href":"https:\/\/archive.sana.sy\/es\/index.php?rest_route=%2Fwp%2Fv2%2Fcomments&post=143100"}],"version-history":[{"count":0,"href":"https:\/\/archive.sana.sy\/es\/index.php?rest_route=\/wp\/v2\/posts\/143100\/revisions"}],"wp:featuredmedia":[{"embeddable":true,"href":"https:\/\/archive.sana.sy\/es\/index.php?rest_route=\/wp\/v2\/media\/143101"}],"wp:attachment":[{"href":"https:\/\/archive.sana.sy\/es\/index.php?rest_route=%2Fwp%2Fv2%2Fmedia&parent=143100"}],"wp:term":[{"taxonomy":"category","embeddable":true,"href":"https:\/\/archive.sana.sy\/es\/index.php?rest_route=%2Fwp%2Fv2%2Fcategories&post=143100"},{"taxonomy":"post_tag","embeddable":true,"href":"https:\/\/archive.sana.sy\/es\/index.php?rest_route=%2Fwp%2Fv2%2Ftags&post=143100"}],"curies":[{"name":"wp","href":"https:\/\/api.w.org\/{rel}","templated":true}]}}