{"id":143616,"date":"2020-06-21T21:22:01","date_gmt":"2020-06-21T18:22:01","guid":{"rendered":"http:\/\/sana.sy\/es\/?p=143616"},"modified":"2020-06-21T21:35:15","modified_gmt":"2020-06-21T18:35:15","slug":"llegan-al-pais-unos-250-estudiantes-sirios-que-estaban-varados-en-la-india","status":"publish","type":"post","link":"https:\/\/archive.sana.sy\/es\/?p=143616","title":{"rendered":"Llegan al pa\u00eds unos 250 estudiantes sirios que estaban varados en La India"},"content":{"rendered":"<p style=\"text-align: justify;\"><span style=\"color: #800000;\"><strong>Damasco, SANA<\/strong><\/span><\/p>\n<p style=\"text-align: justify;\">Aterriz\u00f3 este domingo en el Aeropuerto Internacional de Damasco un avi\u00f3n de la compa\u00f1\u00eda Syrian Airlines con 250 estudiantes sirios a bordo.<\/p>\n<p style=\"text-align: justify;\">Los repatriados que estaban varados en La India, fueron sometidos a chequeos m\u00e9dicos y pruebas de Covid-19, y luego fueron trasladados a un centro de alojamiento donde estar\u00e1n confinados durante 14 d\u00edas.<\/p>\n<p style=\"text-align: justify;\">El gobierno sirio se empe\u00f1a para repatriar a los sirios varados en el exterior tras el cierre de los aeropuertos y la suspensi\u00f3n de los vuelos en el mundo debido a la propagaci\u00f3n de la pandemia del nuevo Coronavirus.<\/p>\n<p style=\"text-align: justify;\"><span style=\"color: #0000ff;\">F.M\/ E.D<\/span><\/p>\n<div id='gallery-1' class='gallery galleryid-143616 gallery-columns-1 gallery-size-full'><figure class='gallery-item'>\n\t\t\t<div class='gallery-icon landscape'>\n\t\t\t\t<a href='https:\/\/archive.sana.sy\/es\/wp-content\/uploads\/2020\/06\/i.jpg'><img loading=\"lazy\" decoding=\"async\" width=\"660\" height=\"382\" src=\"https:\/\/archive.sana.sy\/es\/wp-content\/uploads\/2020\/06\/i.jpg\" class=\"attachment-full size-full\" alt=\"\" srcset=\"https:\/\/archive.sana.sy\/es\/wp-content\/uploads\/2020\/06\/i.jpg 660w, https:\/\/archive.sana.sy\/es\/wp-content\/uploads\/2020\/06\/i-300x174.jpg 300w, https:\/\/archive.sana.sy\/es\/wp-content\/uploads\/2020\/06\/i-150x87.jpg 150w\" sizes=\"(max-width: 660px) 100vw, 660px\" \/><\/a>\n\t\t\t<\/div><\/figure><figure class='gallery-item'>\n\t\t\t<div class='gallery-icon landscape'>\n\t\t\t\t<a href='https:\/\/archive.sana.sy\/es\/wp-content\/uploads\/2020\/06\/i2.jpg'><img loading=\"lazy\" decoding=\"async\" width=\"660\" height=\"371\" src=\"https:\/\/archive.sana.sy\/es\/wp-content\/uploads\/2020\/06\/i2.jpg\" class=\"attachment-full size-full\" alt=\"\" srcset=\"https:\/\/archive.sana.sy\/es\/wp-content\/uploads\/2020\/06\/i2.jpg 660w, https:\/\/archive.sana.sy\/es\/wp-content\/uploads\/2020\/06\/i2-300x169.jpg 300w, https:\/\/archive.sana.sy\/es\/wp-content\/uploads\/2020\/06\/i2-150x84.jpg 150w\" sizes=\"(max-width: 660px) 100vw, 660px\" \/><\/a>\n\t\t\t<\/div><\/figure>\n\t\t<\/div>\n\n","protected":false},"excerpt":{"rendered":"<p>Damasco, SANA Aterriz\u00f3 este domingo en el Aeropuerto Internacional de Damasco un avi\u00f3n de la compa\u00f1\u00eda Syrian Airlines con 250 estudiantes sirios a bordo. Los repatriados que estaban varados en La India, fueron sometidos a chequeos m\u00e9dicos y pruebas de Covid-19, y luego fueron trasladados a un centro de alojamiento donde estar\u00e1n confinados durante 14 &hellip;<\/p>\n","protected":false},"author":32,"featured_media":143617,"comment_status":"closed","ping_status":"closed","sticky":false,"template":"","format":"standard","meta":{"footnotes":""},"categories":[477,597,476,7541],"tags":[],"class_list":["post-143616","post","type-post","status-publish","format-standard","has-post-thumbnail","","category-noticias-edulcorantes","category-cinta-de-noticias","category-locales","category-ultimas-noticias"],"_links":{"self":[{"href":"https:\/\/archive.sana.sy\/es\/index.php?rest_route=\/wp\/v2\/posts\/143616"}],"collection":[{"href":"https:\/\/archive.sana.sy\/es\/index.php?rest_route=\/wp\/v2\/posts"}],"about":[{"href":"https:\/\/archive.sana.sy\/es\/index.php?rest_route=\/wp\/v2\/types\/post"}],"author":[{"embeddable":true,"href":"https:\/\/archive.sana.sy\/es\/index.php?rest_route=\/wp\/v2\/users\/32"}],"replies":[{"embeddable":true,"href":"https:\/\/archive.sana.sy\/es\/index.php?rest_route=%2Fwp%2Fv2%2Fcomments&post=143616"}],"version-history":[{"count":0,"href":"https:\/\/archive.sana.sy\/es\/index.php?rest_route=\/wp\/v2\/posts\/143616\/revisions"}],"wp:featuredmedia":[{"embeddable":true,"href":"https:\/\/archive.sana.sy\/es\/index.php?rest_route=\/wp\/v2\/media\/143617"}],"wp:attachment":[{"href":"https:\/\/archive.sana.sy\/es\/index.php?rest_route=%2Fwp%2Fv2%2Fmedia&parent=143616"}],"wp:term":[{"taxonomy":"category","embeddable":true,"href":"https:\/\/archive.sana.sy\/es\/index.php?rest_route=%2Fwp%2Fv2%2Fcategories&post=143616"},{"taxonomy":"post_tag","embeddable":true,"href":"https:\/\/archive.sana.sy\/es\/index.php?rest_route=%2Fwp%2Fv2%2Ftags&post=143616"}],"curies":[{"name":"wp","href":"https:\/\/api.w.org\/{rel}","templated":true}]}}