{"id":143622,"date":"2020-06-21T15:17:13","date_gmt":"2020-06-21T12:17:13","guid":{"rendered":"http:\/\/sana.sy\/es\/?p=143622"},"modified":"2020-06-21T16:25:13","modified_gmt":"2020-06-21T13:25:13","slug":"manifestacion-en-deir-ezzor-contra-el-bloqueo-y-la-criminal-ley-cesar","status":"publish","type":"post","link":"https:\/\/archive.sana.sy\/es\/?p=143622","title":{"rendered":"Manifestaci\u00f3n en Deir Ezzor contra el bloqueo y la criminal \u201cLey C\u00e9sar\u201d"},"content":{"rendered":"<p style=\"text-align: justify;\"><span style=\"color: #800000;\">Deir Ezzor, SANA<\/span><\/p>\n<p style=\"text-align: justify;\">Miles de ciudadanos en la provincia oriental siria de Deir Ezzor (691 kil\u00f3metros al nordeste de la capital Damasco) se concentraron hoy en la capital provincial para expresar su rechazo y repudio a las nuevas sanciones impuestas por EE.UU contra el pueblo sirio.<\/p>\n<p style=\"text-align: justify;\">Los congregados correaron consigan que condena la llamada \u201cLey C\u00e9sar\u201d encaminada a hambrear al pueblo sirio y la calificaron de terrorismo econ\u00f3mico.<\/p>\n<p style=\"text-align: justify;\">Asimismo, reiteraron su apego a la patria y su apoyo al Ej\u00e9rcito \u00c1rabe Sirio.<\/p>\n<p style=\"text-align: justify;\">Agencia siria SANA Sana, [21.06.20 16:24]\nVarios participantes declararon a SANA, que las medidas coercitivas unilaterales atentan contra el sustento del pueblo sirio y que las presiones econ\u00f3micas solo aumentar\u00e1n la voluntad de seguir trabajando y produciendo hasta lograr la autosuficiencia.<\/p>\n<p style=\"text-align: justify;\">A su vez, los jefes tribales indicaron que Siria no se doblegar\u00e1 ante las medidas injustas tomadas por EE.UU y que la pol\u00edtica del terrorismo econ\u00f3mico no lograr\u00e1 las metas que los terroristas fracasaron en alcanzar.<\/p>\n<p style=\"text-align: justify;\"><span style=\"color: #0000ff;\">F.M\/ E.D<\/span><\/p>\n","protected":false},"excerpt":{"rendered":"<p>Deir Ezzor, SANA Miles de ciudadanos en la provincia oriental siria de Deir Ezzor (691 kil\u00f3metros al nordeste de la capital Damasco) se concentraron hoy en la capital provincial para expresar su rechazo y repudio a las nuevas sanciones impuestas por EE.UU contra el pueblo sirio. Los congregados correaron consigan que condena la llamada \u201cLey &hellip;<\/p>\n","protected":false},"author":32,"featured_media":143623,"comment_status":"closed","ping_status":"closed","sticky":false,"template":"","format":"standard","meta":{"footnotes":""},"categories":[597,583],"tags":[17927],"class_list":["post-143622","post","type-post","status-publish","format-standard","has-post-thumbnail","","category-cinta-de-noticias","category-slide","tag-manifestacion-en-deir-ezzor-contra-el-bloqueo-y-la-criminal-ley-cesar"],"_links":{"self":[{"href":"https:\/\/archive.sana.sy\/es\/index.php?rest_route=\/wp\/v2\/posts\/143622"}],"collection":[{"href":"https:\/\/archive.sana.sy\/es\/index.php?rest_route=\/wp\/v2\/posts"}],"about":[{"href":"https:\/\/archive.sana.sy\/es\/index.php?rest_route=\/wp\/v2\/types\/post"}],"author":[{"embeddable":true,"href":"https:\/\/archive.sana.sy\/es\/index.php?rest_route=\/wp\/v2\/users\/32"}],"replies":[{"embeddable":true,"href":"https:\/\/archive.sana.sy\/es\/index.php?rest_route=%2Fwp%2Fv2%2Fcomments&post=143622"}],"version-history":[{"count":0,"href":"https:\/\/archive.sana.sy\/es\/index.php?rest_route=\/wp\/v2\/posts\/143622\/revisions"}],"wp:featuredmedia":[{"embeddable":true,"href":"https:\/\/archive.sana.sy\/es\/index.php?rest_route=\/wp\/v2\/media\/143623"}],"wp:attachment":[{"href":"https:\/\/archive.sana.sy\/es\/index.php?rest_route=%2Fwp%2Fv2%2Fmedia&parent=143622"}],"wp:term":[{"taxonomy":"category","embeddable":true,"href":"https:\/\/archive.sana.sy\/es\/index.php?rest_route=%2Fwp%2Fv2%2Fcategories&post=143622"},{"taxonomy":"post_tag","embeddable":true,"href":"https:\/\/archive.sana.sy\/es\/index.php?rest_route=%2Fwp%2Fv2%2Ftags&post=143622"}],"curies":[{"name":"wp","href":"https:\/\/api.w.org\/{rel}","templated":true}]}}