{"id":143680,"date":"2020-06-21T21:28:17","date_gmt":"2020-06-21T18:28:17","guid":{"rendered":"http:\/\/sana.sy\/es\/?p=143680"},"modified":"2020-06-21T21:34:49","modified_gmt":"2020-06-21T18:34:49","slug":"continua-pavimentacion-de-calles-y-carreteras-en-provincias-de-rif-dimashq","status":"publish","type":"post","link":"https:\/\/archive.sana.sy\/es\/?p=143680","title":{"rendered":"Contin\u00faa pavimentaci\u00f3n de calles y carreteras en provincias de Rif Dimashq"},"content":{"rendered":"<p style=\"text-align: justify;\"><span style=\"color: #800000;\"><strong>Rif Dimashq, SANA<\/strong><\/span><\/p>\n<p style=\"text-align: justify;\">La Gobernaci\u00f3n de Rif Dimashq comenz\u00f3 a pavimentar calles y carreteras en una serie de localidades de la provincia.<\/p>\n<p style=\"text-align: justify;\">Seg\u00fan Ghassan Qassem, el gerente de la Direcci\u00f3n de Servicios T\u00e9cnicos de Rif Dimashq, la rehabilitaci\u00f3n de las carreteras contribuye a ayudar a los residentes a trasladar su cosecha y acceder a los cultivos de la Rosa de Damasco (Al-Wardah Al-Chamieh, en \u00e1rabe) f\u00e1cilmente.<\/p>\n<p style=\"text-align: justify;\">Explic\u00f3 en una declaraci\u00f3n a SANA que la direcci\u00f3n est\u00e1 trabajando febrilmente para elevar el nivel de servicios en todos los municipios de la provincia.<\/p>\n<p style=\"text-align: justify;\">Los proyectos llevados a cabo incluyen la rehabilitaci\u00f3n de calles, carreteras y aceras adem\u00e1s de la remoci\u00f3n de escombros en las localidades de Menin, Al-Marah y Daraya tras concluir la rehabilitaci\u00f3n de los sistemas de alcantarillado y acueductos.<\/p>\n<p style=\"text-align: justify;\"><span style=\"color: #0000ff;\"><strong>A. H.\/ R. Sh.\/ F. M.<\/strong><\/span><\/p>\n<div id='gallery-1' class='gallery galleryid-143680 gallery-columns-1 gallery-size-full'><figure class='gallery-item'>\n\t\t\t<div class='gallery-icon landscape'>\n\t\t\t\t<a href='https:\/\/archive.sana.sy\/es\/wp-content\/uploads\/2020\/06\/2-268.jpg'><img loading=\"lazy\" decoding=\"async\" width=\"660\" height=\"356\" src=\"https:\/\/archive.sana.sy\/es\/wp-content\/uploads\/2020\/06\/2-268.jpg\" class=\"attachment-full size-full\" alt=\"\" srcset=\"https:\/\/archive.sana.sy\/es\/wp-content\/uploads\/2020\/06\/2-268.jpg 660w, https:\/\/archive.sana.sy\/es\/wp-content\/uploads\/2020\/06\/2-268-300x162.jpg 300w, https:\/\/archive.sana.sy\/es\/wp-content\/uploads\/2020\/06\/2-268-150x81.jpg 150w\" sizes=\"(max-width: 660px) 100vw, 660px\" \/><\/a>\n\t\t\t<\/div><\/figure><figure class='gallery-item'>\n\t\t\t<div class='gallery-icon landscape'>\n\t\t\t\t<a href='https:\/\/archive.sana.sy\/es\/wp-content\/uploads\/2020\/06\/3-223.jpg'><img loading=\"lazy\" decoding=\"async\" width=\"660\" height=\"448\" src=\"https:\/\/archive.sana.sy\/es\/wp-content\/uploads\/2020\/06\/3-223.jpg\" class=\"attachment-full size-full\" alt=\"\" srcset=\"https:\/\/archive.sana.sy\/es\/wp-content\/uploads\/2020\/06\/3-223.jpg 660w, https:\/\/archive.sana.sy\/es\/wp-content\/uploads\/2020\/06\/3-223-300x204.jpg 300w, https:\/\/archive.sana.sy\/es\/wp-content\/uploads\/2020\/06\/3-223-150x102.jpg 150w, https:\/\/archive.sana.sy\/es\/wp-content\/uploads\/2020\/06\/3-223-110x75.jpg 110w\" sizes=\"(max-width: 660px) 100vw, 660px\" \/><\/a>\n\t\t\t<\/div><\/figure><figure class='gallery-item'>\n\t\t\t<div class='gallery-icon landscape'>\n\t\t\t\t<a href='https:\/\/archive.sana.sy\/es\/wp-content\/uploads\/2020\/06\/1-370-660x330-2.jpg'><img loading=\"lazy\" decoding=\"async\" width=\"660\" height=\"330\" src=\"https:\/\/archive.sana.sy\/es\/wp-content\/uploads\/2020\/06\/1-370-660x330-2.jpg\" class=\"attachment-full size-full\" alt=\"\" srcset=\"https:\/\/archive.sana.sy\/es\/wp-content\/uploads\/2020\/06\/1-370-660x330-2.jpg 660w, https:\/\/archive.sana.sy\/es\/wp-content\/uploads\/2020\/06\/1-370-660x330-2-300x150.jpg 300w, https:\/\/archive.sana.sy\/es\/wp-content\/uploads\/2020\/06\/1-370-660x330-2-150x75.jpg 150w\" sizes=\"(max-width: 660px) 100vw, 660px\" \/><\/a>\n\t\t\t<\/div><\/figure>\n\t\t<\/div>\n\n","protected":false},"excerpt":{"rendered":"<p>Rif Dimashq, SANA La Gobernaci\u00f3n de Rif Dimashq comenz\u00f3 a pavimentar calles y carreteras en una serie de localidades de la provincia. Seg\u00fan Ghassan Qassem, el gerente de la Direcci\u00f3n de Servicios T\u00e9cnicos de Rif Dimashq, la rehabilitaci\u00f3n de las carreteras contribuye a ayudar a los residentes a trasladar su cosecha y acceder a los &hellip;<\/p>\n","protected":false},"author":30,"featured_media":143681,"comment_status":"closed","ping_status":"closed","sticky":false,"template":"","format":"standard","meta":{"footnotes":""},"categories":[597,476,7541],"tags":[17935],"class_list":["post-143680","post","type-post","status-publish","format-standard","has-post-thumbnail","","category-cinta-de-noticias","category-locales","category-ultimas-noticias","tag-continua-pavimentacion-de-calles-y-carreteras-en-provincias-de-rif-dimashq"],"_links":{"self":[{"href":"https:\/\/archive.sana.sy\/es\/index.php?rest_route=\/wp\/v2\/posts\/143680"}],"collection":[{"href":"https:\/\/archive.sana.sy\/es\/index.php?rest_route=\/wp\/v2\/posts"}],"about":[{"href":"https:\/\/archive.sana.sy\/es\/index.php?rest_route=\/wp\/v2\/types\/post"}],"author":[{"embeddable":true,"href":"https:\/\/archive.sana.sy\/es\/index.php?rest_route=\/wp\/v2\/users\/30"}],"replies":[{"embeddable":true,"href":"https:\/\/archive.sana.sy\/es\/index.php?rest_route=%2Fwp%2Fv2%2Fcomments&post=143680"}],"version-history":[{"count":0,"href":"https:\/\/archive.sana.sy\/es\/index.php?rest_route=\/wp\/v2\/posts\/143680\/revisions"}],"wp:featuredmedia":[{"embeddable":true,"href":"https:\/\/archive.sana.sy\/es\/index.php?rest_route=\/wp\/v2\/media\/143681"}],"wp:attachment":[{"href":"https:\/\/archive.sana.sy\/es\/index.php?rest_route=%2Fwp%2Fv2%2Fmedia&parent=143680"}],"wp:term":[{"taxonomy":"category","embeddable":true,"href":"https:\/\/archive.sana.sy\/es\/index.php?rest_route=%2Fwp%2Fv2%2Fcategories&post=143680"},{"taxonomy":"post_tag","embeddable":true,"href":"https:\/\/archive.sana.sy\/es\/index.php?rest_route=%2Fwp%2Fv2%2Ftags&post=143680"}],"curies":[{"name":"wp","href":"https:\/\/api.w.org\/{rel}","templated":true}]}}