{"id":143810,"date":"2020-06-22T21:01:54","date_gmt":"2020-06-22T18:01:54","guid":{"rendered":"http:\/\/sana.sy\/es\/?p=143810"},"modified":"2023-01-12T14:44:01","modified_gmt":"2023-01-12T12:44:01","slug":"ejercito-iraqui-destruye-varios-zulos-de-terroristas-en-la-provincia-de-saladin","status":"publish","type":"post","link":"https:\/\/archive.sana.sy\/es\/?p=143810","title":{"rendered":"Ej\u00e9rcito iraqu\u00ed destruye varios zulos de terroristas en la provincia de Saladin"},"content":{"rendered":"<p><span style=\"color: #800000;\">Bagdad, SANA <\/span><\/p>\n<p style=\"text-align: justify;\">Varios zulos de la organizaci\u00f3n terrorista de \u201cDaesh\u201d fueron arrasados en el desierto de Saladin al norte de la capital iraqu\u00ed, Bagdad, anunci\u00f3 este lunes el Ministerio de Defensa iraqu\u00ed.<\/p>\n<p style=\"text-align: justify;\">\u201cBasados en informaciones de inteligencia, fue realizada una operaci\u00f3n conjunta de seguridad por la 7\u00aa Divisi\u00f3n y el Servicio Nacional de Inteligencia, que termin\u00f3 en la destrucci\u00f3n de varios focos de Daesh en el Desierto de Saladin\u201d, indic\u00f3 el Ministerio en un comunicado citado por la Agencia Iraqu\u00ed de Noticias.<\/p>\n<p style=\"text-align: justify;\">La nota detall\u00f3 que fueron desactivados dos artefactos explosivos durante la misma operaci\u00f3n.<\/p>\n<p style=\"text-align: justify;\">Las Fuerzas Iraqu\u00edes Conjuntas lanzaron este lunes la tercera fase de la operaci\u00f3n &#8220;H\u00e9roes de Iraq&#8221; que tiene como objetivo liberar del terrorismo de Daesh a varias zonas en la provincia de Saladin.<\/p>\n<p><span style=\"color: #0000ff;\">RR\/ FM\u00a0<\/span><\/p>\n","protected":false},"excerpt":{"rendered":"<p>Bagdad, SANA Varios zulos de la organizaci\u00f3n terrorista de \u201cDaesh\u201d fueron arrasados en el desierto de Saladin al norte de la capital iraqu\u00ed, Bagdad, anunci\u00f3 este lunes el Ministerio de Defensa iraqu\u00ed. \u201cBasados en informaciones de inteligencia, fue realizada una operaci\u00f3n conjunta de seguridad por la 7\u00aa Divisi\u00f3n y el Servicio Nacional de Inteligencia, que &hellip;<\/p>\n","protected":false},"author":31,"featured_media":143811,"comment_status":"closed","ping_status":"closed","sticky":false,"template":"","format":"standard","meta":{"footnotes":""},"categories":[597,456],"tags":[],"class_list":["post-143810","post","type-post","status-publish","format-standard","has-post-thumbnail","","category-cinta-de-noticias","category-arabe-internacional-politica"],"_links":{"self":[{"href":"https:\/\/archive.sana.sy\/es\/index.php?rest_route=\/wp\/v2\/posts\/143810"}],"collection":[{"href":"https:\/\/archive.sana.sy\/es\/index.php?rest_route=\/wp\/v2\/posts"}],"about":[{"href":"https:\/\/archive.sana.sy\/es\/index.php?rest_route=\/wp\/v2\/types\/post"}],"author":[{"embeddable":true,"href":"https:\/\/archive.sana.sy\/es\/index.php?rest_route=\/wp\/v2\/users\/31"}],"replies":[{"embeddable":true,"href":"https:\/\/archive.sana.sy\/es\/index.php?rest_route=%2Fwp%2Fv2%2Fcomments&post=143810"}],"version-history":[{"count":0,"href":"https:\/\/archive.sana.sy\/es\/index.php?rest_route=\/wp\/v2\/posts\/143810\/revisions"}],"wp:featuredmedia":[{"embeddable":true,"href":"https:\/\/archive.sana.sy\/es\/index.php?rest_route=\/wp\/v2\/media\/143811"}],"wp:attachment":[{"href":"https:\/\/archive.sana.sy\/es\/index.php?rest_route=%2Fwp%2Fv2%2Fmedia&parent=143810"}],"wp:term":[{"taxonomy":"category","embeddable":true,"href":"https:\/\/archive.sana.sy\/es\/index.php?rest_route=%2Fwp%2Fv2%2Fcategories&post=143810"},{"taxonomy":"post_tag","embeddable":true,"href":"https:\/\/archive.sana.sy\/es\/index.php?rest_route=%2Fwp%2Fv2%2Ftags&post=143810"}],"curies":[{"name":"wp","href":"https:\/\/api.w.org\/{rel}","templated":true}]}}