{"id":143833,"date":"2020-06-23T07:40:52","date_gmt":"2020-06-23T04:40:52","guid":{"rendered":"http:\/\/sana.sy\/es\/?p=143833"},"modified":"2020-06-23T10:50:01","modified_gmt":"2020-06-23T07:50:01","slug":"siria-en-sintesis-23-de-junio-2020","status":"publish","type":"post","link":"https:\/\/archive.sana.sy\/es\/?p=143833","title":{"rendered":"Siria en S\u00edntesis, 23 de Junio 2020"},"content":{"rendered":"<p style=\"text-align: justify;\"><strong><span style=\"color: #800000;\">Damasco ,SANA<\/span><\/strong><\/p>\n<p style=\"text-align: justify;\">????La \u201cLey C\u00e9sar\u201d equivale a un crimen contra la humanidad, afirma Siria ante la ONU<\/p>\n<p style=\"text-align: justify;\">????Ir\u00e1n reitera apoyo a Siria ante medidas inhumanas de EE.UU<\/p>\n<p style=\"text-align: justify;\">????Siria reporta 15 nuevos casos con Covid-19 y la cifra total asciende a 219<\/p>\n<p style=\"text-align: justify;\">????M\u00e1s de 300 mil estudiantes sirios comienzan sus ex\u00e1menes finales de Ense\u00f1anza B\u00e1sica<\/p>\n<p style=\"text-align: justify;\">????Rehabilitan cuatro nuevas escuelas afectadas por el terrorismo en provincia de Deir Ezzor<\/p>\n<p style=\"text-align: justify;\">????Defensas antia\u00e9reas interceptan drones en el municipio de Jableh, Latakia<\/p>\n<p style=\"text-align: justify;\">????Protestas en el norte de Siria contra las fuerzas de ocupaci\u00f3n turcas y sus mercenarios<\/p>\n<p style=\"text-align: justify;\">????Turqu\u00eda saquea las cosechas de la regi\u00f3n siria de Al-Jazeera<\/p>\n<p style=\"text-align: justify;\">????Perecen terroristas en luchas internas en Ras Al-Ain, Hasakeh<\/p>\n<p style=\"text-align: justify;\">????Cuba: confesiones de Bolton confirman peligro de la pol\u00edtica de Washington<\/p>\n<p style=\"text-align: justify;\">????\u201cIsrael\u201d construye carreteras que dividen a Cisjordania<\/p>\n<p style=\"text-align: justify;\">????Ej\u00e9rcito iraqu\u00ed destruye varios zulos de terroristas en la provincia de Saladin<\/p>\n<p style=\"text-align: justify;\"><span style=\"color: #0000ff;\"><strong>F.M\/W.S<\/strong><\/span><\/p>\n","protected":false},"excerpt":{"rendered":"<p>Damasco ,SANA ????La \u201cLey C\u00e9sar\u201d equivale a un crimen contra la humanidad, afirma Siria ante la ONU ????Ir\u00e1n reitera apoyo a Siria ante medidas inhumanas de EE.UU ????Siria reporta 15 nuevos casos con Covid-19 y la cifra total asciende a 219 ????M\u00e1s de 300 mil estudiantes sirios comienzan sus ex\u00e1menes finales de Ense\u00f1anza B\u00e1sica ????Rehabilitan &hellip;<\/p>\n","protected":false},"author":35,"featured_media":143834,"comment_status":"closed","ping_status":"closed","sticky":false,"template":"","format":"standard","meta":{"footnotes":""},"categories":[555,597],"tags":[],"class_list":["post-143833","post","type-post","status-publish","format-standard","has-post-thumbnail","","category-prensa","category-cinta-de-noticias"],"_links":{"self":[{"href":"https:\/\/archive.sana.sy\/es\/index.php?rest_route=\/wp\/v2\/posts\/143833"}],"collection":[{"href":"https:\/\/archive.sana.sy\/es\/index.php?rest_route=\/wp\/v2\/posts"}],"about":[{"href":"https:\/\/archive.sana.sy\/es\/index.php?rest_route=\/wp\/v2\/types\/post"}],"author":[{"embeddable":true,"href":"https:\/\/archive.sana.sy\/es\/index.php?rest_route=\/wp\/v2\/users\/35"}],"replies":[{"embeddable":true,"href":"https:\/\/archive.sana.sy\/es\/index.php?rest_route=%2Fwp%2Fv2%2Fcomments&post=143833"}],"version-history":[{"count":0,"href":"https:\/\/archive.sana.sy\/es\/index.php?rest_route=\/wp\/v2\/posts\/143833\/revisions"}],"wp:featuredmedia":[{"embeddable":true,"href":"https:\/\/archive.sana.sy\/es\/index.php?rest_route=\/wp\/v2\/media\/143834"}],"wp:attachment":[{"href":"https:\/\/archive.sana.sy\/es\/index.php?rest_route=%2Fwp%2Fv2%2Fmedia&parent=143833"}],"wp:term":[{"taxonomy":"category","embeddable":true,"href":"https:\/\/archive.sana.sy\/es\/index.php?rest_route=%2Fwp%2Fv2%2Fcategories&post=143833"},{"taxonomy":"post_tag","embeddable":true,"href":"https:\/\/archive.sana.sy\/es\/index.php?rest_route=%2Fwp%2Fv2%2Ftags&post=143833"}],"curies":[{"name":"wp","href":"https:\/\/api.w.org\/{rel}","templated":true}]}}