{"id":14384,"date":"2014-12-16T12:14:19","date_gmt":"2014-12-16T10:14:19","guid":{"rendered":"http:\/\/www.sana.sy\/es\/?p=14384"},"modified":"2014-12-16T12:14:19","modified_gmt":"2014-12-16T10:14:19","slug":"amos-el-recluta-a-ninos-y-los-entrena-para-combatir","status":"publish","type":"post","link":"https:\/\/archive.sana.sy\/es\/?p=14384","title":{"rendered":"Amos: EL recluta a ni\u00f1os y los entrena para combatir"},"content":{"rendered":"<div><span style=\"color: #ff0000\">Nueva York, SANA.<\/span><\/div>\n<div><\/div>\n<div><span lang=\"ES-TRAD\">La\u00a0 Subsecretaria General de las Naciones Unidas para Asuntos Humanitarios, Valiry Amos, afirm\u00f3 que la organizaci\u00f3n terrorista del Estado Isl\u00e1mico (EI) est\u00e1 entrenando a cientos de ni\u00f1os, algunos de ellos con edad de cinco a\u00f1os, en campamentos terroristas en la ciudad siria de Raqqa.<\/span><\/div>\n<div><\/div>\n<div><span lang=\"ES-TRAD\">En una sesi\u00f3n del Consejo de Seguridad de la ONU, Amos dijo que cerca de 350 ni\u00f1os est\u00e1n siendo entrenados en \u00a0campamentos establecidos por el Estado Isl\u00e1mico en la ciudad de Raqqaa.<\/span><\/div>\n<div><\/div>\n<div><span lang=\"ES-TRAD\">Asimismo, hizo alusi\u00f3n a los informes que hablan sobre asesinatos o ejecuciones p\u00fablicas de ni\u00f1os llevadas a cabo por armados de las organizaciones terroristas, especialmente la del Estado lsl\u00e1mico.<\/span><\/div>\n<div><\/div>\n<div><span lang=\"ES-TRAD\">Amos a\u00f1adi\u00f3 que los ciudadanos de Ein Arab en el norte de Siria informaron que dicha organizaci\u00f3n terrorista secuestra a ni\u00f1as de menor edad para fines sexuales, explicando que algunas de las ni\u00f1as son obligadas a casarse con terroristas de las organizaciones extremistas o se venden como esclavas para el sexo.<\/span><\/div>\n<div><\/div>\n<div><span lang=\"ES-TRAD\">La alta funcionaria de la ONU se\u00f1al\u00f3 que las tasas de matrimonio precoz han aumentado por temor de los padres a que sus hijas sean obligadas a casarse con terroristas.<\/span><\/div>\n<div><\/div>\n<div><span lang=\"ES-TRAD\">Por \u00faltimo, Amos hizo hincapi\u00e9 a la necesidad de que el Consejo de Seguridad y la comunidad internacional encuentren una soluci\u00f3n pol\u00edtica para la crisis en Siria.<\/span><\/div>\n<div>\n<div class=\"yj6qo ajU\">\n<div class=\"ajR\"><\/div>\n<div id=\":13i\" class=\"ajR\"><span style=\"color: #00ffff\">Hala B., Fady M.<img decoding=\"async\" class=\"ajT\" src=\"https:\/\/ssl.gstatic.com\/ui\/v1\/icons\/mail\/images\/cleardot.gif\" alt=\"\" \/><\/span><\/div>\n<\/div>\n<\/div>\n","protected":false},"excerpt":{"rendered":"<p>Nueva York, SANA. La\u00a0 Subsecretaria General de las Naciones Unidas para Asuntos Humanitarios, Valiry Amos, afirm\u00f3 que la organizaci\u00f3n terrorista del Estado Isl\u00e1mico (EI) est\u00e1 entrenando a cientos de ni\u00f1os, algunos de ellos con edad de cinco a\u00f1os, en campamentos terroristas en la ciudad siria de Raqqa. En una sesi\u00f3n del Consejo de Seguridad de &hellip;<\/p>\n","protected":false},"author":1,"featured_media":14385,"comment_status":"closed","ping_status":"closed","sticky":false,"template":"","format":"standard","meta":{"footnotes":""},"categories":[456,576],"tags":[3276],"class_list":["post-14384","post","type-post","status-publish","format-standard","has-post-thumbnail","","category-arabe-internacional-politica","category-noticias-politicas","tag-amos-el-recluta-a-ninos-y-los-entrena-para-combatir"],"_links":{"self":[{"href":"https:\/\/archive.sana.sy\/es\/index.php?rest_route=\/wp\/v2\/posts\/14384"}],"collection":[{"href":"https:\/\/archive.sana.sy\/es\/index.php?rest_route=\/wp\/v2\/posts"}],"about":[{"href":"https:\/\/archive.sana.sy\/es\/index.php?rest_route=\/wp\/v2\/types\/post"}],"author":[{"embeddable":true,"href":"https:\/\/archive.sana.sy\/es\/index.php?rest_route=\/wp\/v2\/users\/1"}],"replies":[{"embeddable":true,"href":"https:\/\/archive.sana.sy\/es\/index.php?rest_route=%2Fwp%2Fv2%2Fcomments&post=14384"}],"version-history":[{"count":0,"href":"https:\/\/archive.sana.sy\/es\/index.php?rest_route=\/wp\/v2\/posts\/14384\/revisions"}],"wp:featuredmedia":[{"embeddable":true,"href":"https:\/\/archive.sana.sy\/es\/index.php?rest_route=\/wp\/v2\/media\/14385"}],"wp:attachment":[{"href":"https:\/\/archive.sana.sy\/es\/index.php?rest_route=%2Fwp%2Fv2%2Fmedia&parent=14384"}],"wp:term":[{"taxonomy":"category","embeddable":true,"href":"https:\/\/archive.sana.sy\/es\/index.php?rest_route=%2Fwp%2Fv2%2Fcategories&post=14384"},{"taxonomy":"post_tag","embeddable":true,"href":"https:\/\/archive.sana.sy\/es\/index.php?rest_route=%2Fwp%2Fv2%2Ftags&post=14384"}],"curies":[{"name":"wp","href":"https:\/\/api.w.org\/{rel}","templated":true}]}}