{"id":143896,"date":"2020-06-23T13:55:38","date_gmt":"2020-06-23T10:55:38","guid":{"rendered":"http:\/\/sana.sy\/es\/?p=143896"},"modified":"2020-06-23T15:06:07","modified_gmt":"2020-06-23T12:06:07","slug":"parlamentario-jordano-condena-la-ley-cesar-impuesta-al-pueblo-sirio","status":"publish","type":"post","link":"https:\/\/archive.sana.sy\/es\/?p=143896","title":{"rendered":"Parlamentario jordano condena la &#8220;Ley C\u00e9sar&#8221; impuesta al pueblo sirio"},"content":{"rendered":"<p style=\"text-align: justify;\"><strong><span style=\"color: #800000;\">Amman, SANA<\/span><\/strong><\/p>\n<p style=\"text-align: justify;\">El diputado jordano, Nabil Ghishan, afirm\u00f3 que las medidas coercitivas unilaterales impuestas por Estados Unidos contra Siria, incluida la llamada \u201cLey C\u00e9sar\u201d, no lograr\u00e1n romper la firmeza del pueblo sirio que enfrent\u00f3 conspiraciones y desaf\u00edos durante los \u00faltimos a\u00f1os.<\/p>\n<p style=\"text-align: justify;\">En una declaraci\u00f3n a SANA, Ghishan dijo que las nuevas sanciones estadounidenses contra Siria se aplicaron despu\u00e9s del fracaso de la guerra terrorista.<\/p>\n<p style=\"text-align: justify;\">Consider\u00f3 que la &#8220;Ley C\u00e9sar\u201d surge a la luz de los intentos estadounidenses y sionistas de hacer pasar el llamado Acuerdo del Siglo en la regi\u00f3n \u00e1rabe.<\/p>\n<p style=\"text-align: justify;\"><strong><span style=\"color: #0000ff;\">E.D\/ F.M<\/span><\/strong><\/p>\n","protected":false},"excerpt":{"rendered":"<p>Amman, SANA El diputado jordano, Nabil Ghishan, afirm\u00f3 que las medidas coercitivas unilaterales impuestas por Estados Unidos contra Siria, incluida la llamada \u201cLey C\u00e9sar\u201d, no lograr\u00e1n romper la firmeza del pueblo sirio que enfrent\u00f3 conspiraciones y desaf\u00edos durante los \u00faltimos a\u00f1os. En una declaraci\u00f3n a SANA, Ghishan dijo que las nuevas sanciones estadounidenses contra Siria &hellip;<\/p>\n","protected":false},"author":32,"featured_media":143897,"comment_status":"closed","ping_status":"closed","sticky":false,"template":"","format":"standard","meta":{"footnotes":""},"categories":[467,7541],"tags":[17944],"class_list":["post-143896","post","type-post","status-publish","format-standard","has-post-thumbnail","","category-siria-y-el-mundo","category-ultimas-noticias","tag-parlamentario-jordano-condena-la-ley-cesar-impuesta-al-pueblo-sirio"],"_links":{"self":[{"href":"https:\/\/archive.sana.sy\/es\/index.php?rest_route=\/wp\/v2\/posts\/143896"}],"collection":[{"href":"https:\/\/archive.sana.sy\/es\/index.php?rest_route=\/wp\/v2\/posts"}],"about":[{"href":"https:\/\/archive.sana.sy\/es\/index.php?rest_route=\/wp\/v2\/types\/post"}],"author":[{"embeddable":true,"href":"https:\/\/archive.sana.sy\/es\/index.php?rest_route=\/wp\/v2\/users\/32"}],"replies":[{"embeddable":true,"href":"https:\/\/archive.sana.sy\/es\/index.php?rest_route=%2Fwp%2Fv2%2Fcomments&post=143896"}],"version-history":[{"count":0,"href":"https:\/\/archive.sana.sy\/es\/index.php?rest_route=\/wp\/v2\/posts\/143896\/revisions"}],"wp:featuredmedia":[{"embeddable":true,"href":"https:\/\/archive.sana.sy\/es\/index.php?rest_route=\/wp\/v2\/media\/143897"}],"wp:attachment":[{"href":"https:\/\/archive.sana.sy\/es\/index.php?rest_route=%2Fwp%2Fv2%2Fmedia&parent=143896"}],"wp:term":[{"taxonomy":"category","embeddable":true,"href":"https:\/\/archive.sana.sy\/es\/index.php?rest_route=%2Fwp%2Fv2%2Fcategories&post=143896"},{"taxonomy":"post_tag","embeddable":true,"href":"https:\/\/archive.sana.sy\/es\/index.php?rest_route=%2Fwp%2Fv2%2Ftags&post=143896"}],"curies":[{"name":"wp","href":"https:\/\/api.w.org\/{rel}","templated":true}]}}