{"id":14390,"date":"2014-12-16T12:47:09","date_gmt":"2014-12-16T10:47:09","guid":{"rendered":"http:\/\/www.sana.sy\/es\/?p=14390"},"modified":"2014-12-16T12:47:09","modified_gmt":"2014-12-16T10:47:09","slug":"autoridades-israelies-han-ingresado-en-sus-hospitales-a-decenas-de-terroristas-heridos-en-siria","status":"publish","type":"post","link":"https:\/\/archive.sana.sy\/es\/?p=14390","title":{"rendered":"Autoridades israel\u00edes han ingresado en sus hospitales a decenas de terroristas heridos en Siria"},"content":{"rendered":"<div><span style=\"color: #ff0000\">Jerusal\u00e9n, SANA<\/span><\/div>\n<div><\/div>\n<div><span lang=\"ES-TRAD\">Las autoridades de ocupaci\u00f3n israel\u00edes mantienen su apoyo a las organizaciones terroristas armadas en Siria. En este sentido, dichas autoridades ingresaron en el hospital de Poria en Tiber\u00edades, a dos terroristas heridos.<\/span><\/div>\n<div><\/div>\n<div><span lang=\"ES-TRAD\">Un sitio Web israel\u00ed inform\u00f3 que \u201cel ej\u00e9rcito israel\u00ed ingres\u00f3 a dos heridos sirios en el mencionado hospital, que ha ofrecido tratamiento a unos 99 terroristas heridos hasta el momento.<\/span><\/div>\n<div><\/div>\n<div><span lang=\"ES-TRAD\">Cabe resaltar que el ocupante israel\u00ed asign\u00f3 varios hospitales para ingresar a los armados heridos de las organizaciones terroristas en Siria, as\u00ed como proporciona ayuda militar y de inteligencia a estas organizaciones, en una clara violaci\u00f3n de la Convenci\u00f3n sobre la Separaci\u00f3n de las Fuerzas y de las resoluciones del Consejo de Seguridad sobre la lucha contra el terrorismo, en particular la reciente resoluci\u00f3n No. 2170.<\/span><\/div>\n<div><\/div>\n<div><span style=\"color: #00ccff\">Fady M., Hala B.<\/span><\/div>\n<div class=\"yj6qo ajU\">\n<div id=\":12e\" class=\"ajR\"><img decoding=\"async\" class=\"ajT\" src=\"https:\/\/ssl.gstatic.com\/ui\/v1\/icons\/mail\/images\/cleardot.gif\" alt=\"\" \/><\/div>\n<\/div>\n","protected":false},"excerpt":{"rendered":"<p>Jerusal\u00e9n, SANA Las autoridades de ocupaci\u00f3n israel\u00edes mantienen su apoyo a las organizaciones terroristas armadas en Siria. En este sentido, dichas autoridades ingresaron en el hospital de Poria en Tiber\u00edades, a dos terroristas heridos. Un sitio Web israel\u00ed inform\u00f3 que \u201cel ej\u00e9rcito israel\u00ed ingres\u00f3 a dos heridos sirios en el mencionado hospital, que ha ofrecido &hellip;<\/p>\n","protected":false},"author":1,"featured_media":14392,"comment_status":"closed","ping_status":"closed","sticky":false,"template":"","format":"standard","meta":{"footnotes":""},"categories":[597,456],"tags":[3278],"class_list":["post-14390","post","type-post","status-publish","format-standard","has-post-thumbnail","","category-cinta-de-noticias","category-arabe-internacional-politica","tag-autoridades-israelies-han-ingresado-en-sus-hospitales-a-decenas-de-terroristas-heridos-en-siria"],"_links":{"self":[{"href":"https:\/\/archive.sana.sy\/es\/index.php?rest_route=\/wp\/v2\/posts\/14390"}],"collection":[{"href":"https:\/\/archive.sana.sy\/es\/index.php?rest_route=\/wp\/v2\/posts"}],"about":[{"href":"https:\/\/archive.sana.sy\/es\/index.php?rest_route=\/wp\/v2\/types\/post"}],"author":[{"embeddable":true,"href":"https:\/\/archive.sana.sy\/es\/index.php?rest_route=\/wp\/v2\/users\/1"}],"replies":[{"embeddable":true,"href":"https:\/\/archive.sana.sy\/es\/index.php?rest_route=%2Fwp%2Fv2%2Fcomments&post=14390"}],"version-history":[{"count":0,"href":"https:\/\/archive.sana.sy\/es\/index.php?rest_route=\/wp\/v2\/posts\/14390\/revisions"}],"wp:featuredmedia":[{"embeddable":true,"href":"https:\/\/archive.sana.sy\/es\/index.php?rest_route=\/wp\/v2\/media\/14392"}],"wp:attachment":[{"href":"https:\/\/archive.sana.sy\/es\/index.php?rest_route=%2Fwp%2Fv2%2Fmedia&parent=14390"}],"wp:term":[{"taxonomy":"category","embeddable":true,"href":"https:\/\/archive.sana.sy\/es\/index.php?rest_route=%2Fwp%2Fv2%2Fcategories&post=14390"},{"taxonomy":"post_tag","embeddable":true,"href":"https:\/\/archive.sana.sy\/es\/index.php?rest_route=%2Fwp%2Fv2%2Ftags&post=14390"}],"curies":[{"name":"wp","href":"https:\/\/api.w.org\/{rel}","templated":true}]}}