{"id":143965,"date":"2020-06-23T21:06:18","date_gmt":"2020-06-23T18:06:18","guid":{"rendered":"http:\/\/sana.sy\/es\/?p=143965"},"modified":"2020-06-23T21:06:18","modified_gmt":"2020-06-23T18:06:18","slug":"un-nuevo-convoy-del-ocupante-turco-entra-en-territorio-sirio","status":"publish","type":"post","link":"https:\/\/archive.sana.sy\/es\/?p=143965","title":{"rendered":"Un nuevo convoy del ocupante turco entra en territorio sirio"},"content":{"rendered":"<p><span style=\"color: #800000;\">Hasakeh, SANA<\/span><\/p>\n<p style=\"text-align: justify;\">Las fuerzas del ocupante turco han introducido un nuevo convoy de veh\u00edculos militares, equipos log\u00edsticos y c\u00e1maras prefabricadas en la localidad de Abu Rasin, que se encuentra ubicada al norte de la provincia de Hasakeh, seg\u00fan inform\u00f3 el reportero de SANA.<\/p>\n<p style=\"text-align: justify;\">De acuerdo con fuentes civiles, el ocupante turco ingres\u00f3 hoy a un grupo de camiones a trav\u00e9s de la aldea fronteriza de Sukkariyya llevando a bordo habitaciones prefabricadas, m\u00e1quinas de perforaci\u00f3n y veh\u00edculos militares.<\/p>\n<p style=\"text-align: justify;\">El convoy, seg\u00fan las fuentes, se dirigi\u00f3 hacia sus bases establecidas ilegalmente en las aldeas de al-Daoudia, Tal Maham y Aneeq al-Hawa.<\/p>\n<p style=\"text-align: justify;\">Asimismo, las fuentes se\u00f1alaron que las fuerzas de ocupaci\u00f3n turcas transportaron grandes cantidades de materiales a su ilegal base\u00a0 establecida en el pueblo de al- Daoudia.<\/p>\n<p>M.M<\/p>\n","protected":false},"excerpt":{"rendered":"<p>Hasakeh, SANA Las fuerzas del ocupante turco han introducido un nuevo convoy de veh\u00edculos militares, equipos log\u00edsticos y c\u00e1maras prefabricadas en la localidad de Abu Rasin, que se encuentra ubicada al norte de la provincia de Hasakeh, seg\u00fan inform\u00f3 el reportero de SANA. De acuerdo con fuentes civiles, el ocupante turco ingres\u00f3 hoy a un &hellip;<\/p>\n","protected":false},"author":36,"featured_media":143966,"comment_status":"closed","ping_status":"closed","sticky":false,"template":"","format":"standard","meta":{"footnotes":""},"categories":[597,573,7541],"tags":[],"class_list":["post-143965","post","type-post","status-publish","format-standard","has-post-thumbnail","","category-cinta-de-noticias","category-la-realidad-de-los-acontecimientos-en-siria","category-ultimas-noticias"],"_links":{"self":[{"href":"https:\/\/archive.sana.sy\/es\/index.php?rest_route=\/wp\/v2\/posts\/143965"}],"collection":[{"href":"https:\/\/archive.sana.sy\/es\/index.php?rest_route=\/wp\/v2\/posts"}],"about":[{"href":"https:\/\/archive.sana.sy\/es\/index.php?rest_route=\/wp\/v2\/types\/post"}],"author":[{"embeddable":true,"href":"https:\/\/archive.sana.sy\/es\/index.php?rest_route=\/wp\/v2\/users\/36"}],"replies":[{"embeddable":true,"href":"https:\/\/archive.sana.sy\/es\/index.php?rest_route=%2Fwp%2Fv2%2Fcomments&post=143965"}],"version-history":[{"count":0,"href":"https:\/\/archive.sana.sy\/es\/index.php?rest_route=\/wp\/v2\/posts\/143965\/revisions"}],"wp:featuredmedia":[{"embeddable":true,"href":"https:\/\/archive.sana.sy\/es\/index.php?rest_route=\/wp\/v2\/media\/143966"}],"wp:attachment":[{"href":"https:\/\/archive.sana.sy\/es\/index.php?rest_route=%2Fwp%2Fv2%2Fmedia&parent=143965"}],"wp:term":[{"taxonomy":"category","embeddable":true,"href":"https:\/\/archive.sana.sy\/es\/index.php?rest_route=%2Fwp%2Fv2%2Fcategories&post=143965"},{"taxonomy":"post_tag","embeddable":true,"href":"https:\/\/archive.sana.sy\/es\/index.php?rest_route=%2Fwp%2Fv2%2Ftags&post=143965"}],"curies":[{"name":"wp","href":"https:\/\/api.w.org\/{rel}","templated":true}]}}