{"id":143970,"date":"2020-06-23T21:39:52","date_gmt":"2020-06-23T18:39:52","guid":{"rendered":"http:\/\/sana.sy\/es\/?p=143970"},"modified":"2020-06-23T21:39:52","modified_gmt":"2020-06-23T18:39:52","slug":"siria-reporta-ocho-nuevos-recuperados-de-la-covid-19-2","status":"publish","type":"post","link":"https:\/\/archive.sana.sy\/es\/?p=143970","title":{"rendered":"Siria reporta ocho nuevos recuperados de la Covid-19"},"content":{"rendered":"<p><span style=\"color: #800000;\">Damasco, SANA<\/span><\/p>\n<p style=\"text-align: justify;\">El ministerio sirio de Salud report\u00f3 la recuperaci\u00f3n de ocho nuevos casos de la Covid-19.<\/p>\n<p style=\"text-align: justify;\">Por medio de un comunicado, el ministerio detall\u00f3 que el n\u00famero de casos de contagio registrados en el pa\u00eds\u00a0 hasta la fecha ha llegado a 231, de los cuales 94 se han recuperado y 7 casos han perdido la vida.<\/p>\n<p style=\"text-align: justify;\">Anteriormente, el Ministerio hab\u00eda anunciado la recuperaci\u00f3n de tres infectadas de esa enfermedad.<\/p>\n<p style=\"text-align: justify;\">Seg\u00fan datos oficiales, el total de positivos en el pa\u00eds ha ascendido a en 231, de los cuales 94 se recuperaron y siete fallecieron.<\/p>\n<p style=\"text-align: justify;\">El Ministerio reiter\u00f3 su llamado a los ciudadanos a cumplir con las medidas de precauci\u00f3n para preservar su salud y la salud p\u00fablica.<\/p>\n<p>&nbsp;<\/p>\n<p>M.M<\/p>\n","protected":false},"excerpt":{"rendered":"<p>Damasco, SANA El ministerio sirio de Salud report\u00f3 la recuperaci\u00f3n de ocho nuevos casos de la Covid-19. Por medio de un comunicado, el ministerio detall\u00f3 que el n\u00famero de casos de contagio registrados en el pa\u00eds\u00a0 hasta la fecha ha llegado a 231, de los cuales 94 se han recuperado y 7 casos han perdido &hellip;<\/p>\n","protected":false},"author":36,"featured_media":143971,"comment_status":"closed","ping_status":"closed","sticky":false,"template":"","format":"standard","meta":{"footnotes":""},"categories":[597,476,7541],"tags":[],"class_list":["post-143970","post","type-post","status-publish","format-standard","has-post-thumbnail","","category-cinta-de-noticias","category-locales","category-ultimas-noticias"],"_links":{"self":[{"href":"https:\/\/archive.sana.sy\/es\/index.php?rest_route=\/wp\/v2\/posts\/143970"}],"collection":[{"href":"https:\/\/archive.sana.sy\/es\/index.php?rest_route=\/wp\/v2\/posts"}],"about":[{"href":"https:\/\/archive.sana.sy\/es\/index.php?rest_route=\/wp\/v2\/types\/post"}],"author":[{"embeddable":true,"href":"https:\/\/archive.sana.sy\/es\/index.php?rest_route=\/wp\/v2\/users\/36"}],"replies":[{"embeddable":true,"href":"https:\/\/archive.sana.sy\/es\/index.php?rest_route=%2Fwp%2Fv2%2Fcomments&post=143970"}],"version-history":[{"count":0,"href":"https:\/\/archive.sana.sy\/es\/index.php?rest_route=\/wp\/v2\/posts\/143970\/revisions"}],"wp:featuredmedia":[{"embeddable":true,"href":"https:\/\/archive.sana.sy\/es\/index.php?rest_route=\/wp\/v2\/media\/143971"}],"wp:attachment":[{"href":"https:\/\/archive.sana.sy\/es\/index.php?rest_route=%2Fwp%2Fv2%2Fmedia&parent=143970"}],"wp:term":[{"taxonomy":"category","embeddable":true,"href":"https:\/\/archive.sana.sy\/es\/index.php?rest_route=%2Fwp%2Fv2%2Fcategories&post=143970"},{"taxonomy":"post_tag","embeddable":true,"href":"https:\/\/archive.sana.sy\/es\/index.php?rest_route=%2Fwp%2Fv2%2Ftags&post=143970"}],"curies":[{"name":"wp","href":"https:\/\/api.w.org\/{rel}","templated":true}]}}