{"id":143978,"date":"2020-06-23T22:31:14","date_gmt":"2020-06-23T19:31:14","guid":{"rendered":"http:\/\/sana.sy\/es\/?p=143978"},"modified":"2020-06-24T08:29:04","modified_gmt":"2020-06-24T05:29:04","slug":"ejercito-sirio-repele-agresion-aerea-contra-las-provincia-de-sweida-y-deir-ezzor","status":"publish","type":"post","link":"https:\/\/archive.sana.sy\/es\/?p=143978","title":{"rendered":"Tras agresiones a\u00e9reas simult\u00e1neas contra Deir Ezzor y Sweida, defensa antia\u00e9rea repele agresi\u00f3n israel\u00ed con misiles en Hama"},"content":{"rendered":"<p style=\"text-align: justify;\"><strong><span style=\"color: #800000;\">Hama, SANA<\/span><\/strong><\/p>\n<p style=\"text-align: justify;\">Las defensas antia\u00e9reas del Ej\u00e9rcito \u00c1rabe Sirio repelieron la noche de este martes, 23 de junio, un ataque simult\u00e1neo con misiles contra posiciones militares en las provincias de Sweida y Deir Ezzor, en el sur y este del pa\u00eds respectivamente.<\/p>\n<p style=\"text-align: justify;\">\u201cA las 21:17 hora local, fueron detectados por los radares objetivos a\u00e9reos hostiles procedentes del este y el nordeste de Palmira y dispararon varios misiles hacia algunas de nuestras posiciones militares en la localidad de Kabayeb, en el oeste de Deir Ezzor y en la zona de Al-Sukhneh\u201d, anunci\u00f3 una fuente militar.<\/p>\n<p style=\"text-align: justify;\">A\u00f1adi\u00f3 que, de forma simult\u00e1nea, otra agresi\u00f3n tuvo como blanco a una posici\u00f3n militar ubicada cerca de la ciudad de Salkhad, en la provincia sure\u00f1a de Sweida, donde dos soldados cayeron dos m\u00e1rtires y otros cuatro resultaron heridos.<\/p>\n<p style=\"text-align: justify;\">Seg\u00fan la fuente, la agresi\u00f3n provoc\u00f3 tambi\u00e9n da\u00f1os materiales.<\/p>\n<p style=\"text-align: justify;\">Por otro lado, el enemigo israel\u00ed perpetr\u00f3 a las 00:45 de este mi\u00e9rcoles, 24 de junio, una nueva agresi\u00f3n a\u00e9rea contra varias posiciones en las localidades de Salamieh y Sabboura, en la provincia central de Hama.<\/p>\n<p style=\"text-align: justify;\">Las defensas antia\u00e9reas actuaron contra los misiles hostiles inmediatamente tras su detecci\u00f3n por los radares, y derribaron a gran n\u00famero de ellos antes de alcanzar sus blancos.<\/p>\n<p style=\"text-align: justify;\">Los da\u00f1os de la agresi\u00f3n se limitaron a lo material.<\/p>\n<p style=\"text-align: justify;\"><strong><span style=\"color: #0000ff;\">M.M\/ F.M<\/span><\/strong><\/p>\n<p style=\"text-align: justify;\">\n","protected":false},"excerpt":{"rendered":"<p>Hama, SANA Las defensas antia\u00e9reas del Ej\u00e9rcito \u00c1rabe Sirio repelieron la noche de este martes, 23 de junio, un ataque simult\u00e1neo con misiles contra posiciones militares en las provincias de Sweida y Deir Ezzor, en el sur y este del pa\u00eds respectivamente. \u201cA las 21:17 hora local, fueron detectados por los radares objetivos a\u00e9reos hostiles &hellip;<\/p>\n","protected":false},"author":36,"featured_media":143979,"comment_status":"closed","ping_status":"closed","sticky":false,"template":"","format":"standard","meta":{"footnotes":""},"categories":[597,573,7541],"tags":[],"class_list":["post-143978","post","type-post","status-publish","format-standard","has-post-thumbnail","","category-cinta-de-noticias","category-la-realidad-de-los-acontecimientos-en-siria","category-ultimas-noticias"],"_links":{"self":[{"href":"https:\/\/archive.sana.sy\/es\/index.php?rest_route=\/wp\/v2\/posts\/143978"}],"collection":[{"href":"https:\/\/archive.sana.sy\/es\/index.php?rest_route=\/wp\/v2\/posts"}],"about":[{"href":"https:\/\/archive.sana.sy\/es\/index.php?rest_route=\/wp\/v2\/types\/post"}],"author":[{"embeddable":true,"href":"https:\/\/archive.sana.sy\/es\/index.php?rest_route=\/wp\/v2\/users\/36"}],"replies":[{"embeddable":true,"href":"https:\/\/archive.sana.sy\/es\/index.php?rest_route=%2Fwp%2Fv2%2Fcomments&post=143978"}],"version-history":[{"count":0,"href":"https:\/\/archive.sana.sy\/es\/index.php?rest_route=\/wp\/v2\/posts\/143978\/revisions"}],"wp:featuredmedia":[{"embeddable":true,"href":"https:\/\/archive.sana.sy\/es\/index.php?rest_route=\/wp\/v2\/media\/143979"}],"wp:attachment":[{"href":"https:\/\/archive.sana.sy\/es\/index.php?rest_route=%2Fwp%2Fv2%2Fmedia&parent=143978"}],"wp:term":[{"taxonomy":"category","embeddable":true,"href":"https:\/\/archive.sana.sy\/es\/index.php?rest_route=%2Fwp%2Fv2%2Fcategories&post=143978"},{"taxonomy":"post_tag","embeddable":true,"href":"https:\/\/archive.sana.sy\/es\/index.php?rest_route=%2Fwp%2Fv2%2Ftags&post=143978"}],"curies":[{"name":"wp","href":"https:\/\/api.w.org\/{rel}","templated":true}]}}