{"id":144005,"date":"2020-06-24T12:25:37","date_gmt":"2020-06-24T09:25:37","guid":{"rendered":"http:\/\/sana.sy\/es\/?p=144005"},"modified":"2020-06-25T13:11:23","modified_gmt":"2020-06-25T10:11:23","slug":"nueva-jornada-de-protestas-contra-la-milicia-fds-en-deir-ezzor","status":"publish","type":"post","link":"https:\/\/archive.sana.sy\/es\/?p=144005","title":{"rendered":"Nueva jornada de protestas contra la milicia FDS en Deir Ezzor"},"content":{"rendered":"<p style=\"text-align: justify;\"><span style=\"color: #800000;\"><strong>Deir Ezzor, SANA<\/strong><\/span><\/p>\n<p style=\"text-align: justify;\">Los pobladores de la provincia oriental siria de Deir Ezzor (691 kil\u00f3metros al nordeste de la capital Damasco) salieron hoy para protestar contra las pr\u00e1cticas represivas de la milicia Fuerzas Democr\u00e1ticas de Siria (FDS) respaldada por las fuerzas de ocupaci\u00f3n de EE.UU.<\/p>\n<p style=\"text-align: justify;\">Activistas locales indicaron que los lugare\u00f1os de la localidad de Abu Hamam protestaron contra el deterioro de las condiciones de vida y tambi\u00e9n contra las violaciones y la represi\u00f3n de la FDS contra los civiles en la zona.<\/p>\n<p style=\"text-align: justify;\">Cabe destacar que las protestas contra la milicia (FDS) y su patrocinador, Estados Unidos, se extendieron a Deir Ezzor mientras la indignaci\u00f3n popular incrementa cada d\u00eda en las zonas ocupadas.<\/p>\n<p>&nbsp;<\/p>\n<p style=\"text-align: justify;\"><strong><span style=\"color: #0000ff;\">W.S\/F.M<\/span><\/strong><\/p>\n","protected":false},"excerpt":{"rendered":"<p>Deir Ezzor, SANA Los pobladores de la provincia oriental siria de Deir Ezzor (691 kil\u00f3metros al nordeste de la capital Damasco) salieron hoy para protestar contra las pr\u00e1cticas represivas de la milicia Fuerzas Democr\u00e1ticas de Siria (FDS) respaldada por las fuerzas de ocupaci\u00f3n de EE.UU. Activistas locales indicaron que los lugare\u00f1os de la localidad de &hellip;<\/p>\n","protected":false},"author":35,"featured_media":144006,"comment_status":"closed","ping_status":"closed","sticky":false,"template":"","format":"standard","meta":{"footnotes":""},"categories":[477,597,456,476,7541],"tags":[],"class_list":["post-144005","post","type-post","status-publish","format-standard","has-post-thumbnail","","category-noticias-edulcorantes","category-cinta-de-noticias","category-arabe-internacional-politica","category-locales","category-ultimas-noticias"],"_links":{"self":[{"href":"https:\/\/archive.sana.sy\/es\/index.php?rest_route=\/wp\/v2\/posts\/144005"}],"collection":[{"href":"https:\/\/archive.sana.sy\/es\/index.php?rest_route=\/wp\/v2\/posts"}],"about":[{"href":"https:\/\/archive.sana.sy\/es\/index.php?rest_route=\/wp\/v2\/types\/post"}],"author":[{"embeddable":true,"href":"https:\/\/archive.sana.sy\/es\/index.php?rest_route=\/wp\/v2\/users\/35"}],"replies":[{"embeddable":true,"href":"https:\/\/archive.sana.sy\/es\/index.php?rest_route=%2Fwp%2Fv2%2Fcomments&post=144005"}],"version-history":[{"count":0,"href":"https:\/\/archive.sana.sy\/es\/index.php?rest_route=\/wp\/v2\/posts\/144005\/revisions"}],"wp:featuredmedia":[{"embeddable":true,"href":"https:\/\/archive.sana.sy\/es\/index.php?rest_route=\/wp\/v2\/media\/144006"}],"wp:attachment":[{"href":"https:\/\/archive.sana.sy\/es\/index.php?rest_route=%2Fwp%2Fv2%2Fmedia&parent=144005"}],"wp:term":[{"taxonomy":"category","embeddable":true,"href":"https:\/\/archive.sana.sy\/es\/index.php?rest_route=%2Fwp%2Fv2%2Fcategories&post=144005"},{"taxonomy":"post_tag","embeddable":true,"href":"https:\/\/archive.sana.sy\/es\/index.php?rest_route=%2Fwp%2Fv2%2Ftags&post=144005"}],"curies":[{"name":"wp","href":"https:\/\/api.w.org\/{rel}","templated":true}]}}