{"id":14404,"date":"2014-12-16T16:49:07","date_gmt":"2014-12-16T14:49:07","guid":{"rendered":"http:\/\/www.sana.sy\/es\/?p=14404"},"modified":"2014-12-17T12:31:32","modified_gmt":"2014-12-17T10:31:32","slug":"siria-condena-las-alegaciones-de-los-cancilleres-de-la-ue-sobre-la-situacion-en-siria","status":"publish","type":"post","link":"https:\/\/archive.sana.sy\/es\/?p=14404","title":{"rendered":"Damasco condena las recientes acusaciones de la Uni\u00f3n Europea sobre la situaci\u00f3n en Siria"},"content":{"rendered":"<p>Damasco, SANA<\/p>\n<p>La Canciller\u00eda siria emiti\u00f3 este martes un comunicado en el que conden\u00f3 las\u00a0alegaciones mencionadas en la declaraci\u00f3n final de los cancilleres de la Uni\u00f3n Europea emitida ayer, acerca de\u00a0la situaci\u00f3n en Siria.<\/p>\n<p>Estas alegaciones demuestran que la Uni\u00f3n Europeo est\u00e1 continuando con sus pol\u00edticas de desorientaci\u00f3n, a pesar de que se queda claro ante todo la \u00edndole de la embestida librada contra Siria por los grupos terroristas como el Estado Isl\u00e1mico y el Frente de al-Nousra, subray\u00f3 la Canciller\u00eda.<\/p>\n<p>El regreso de la Uni\u00f3n Europea a sus posturas anteriores no ayudar\u00e1 a alcanzar una soluci\u00f3n de la crisis siria, critic\u00f3.<\/p>\n<p>La Canciller\u00eda agreg\u00f3 que al mismo tiempo que la UE est\u00e1 fingiendo tristeza por el sufrimiento de los sirios, la misma ignora que su pol\u00edtica pro terrorismo en Siria, las sanciones econ\u00f3micas que impuso sobre los ciudadanos sirios, y sus intentos de torpedear los esfuerzos que buscan una soluci\u00f3n de la crisis siria, son las razones por las que continua est\u00e1 \u00faltima y crecen las actividades terroristas que constituyen una amenaza a la seguridad y paz tanto regionales como mundiales.<\/p>\n<p>Estas declaraciones contribuir\u00e1n nada m\u00e1s a fortalecer la confianza del pueblo sirio y su ej\u00e9rcito que est\u00e1 luchando los grupos takfiristas con heroicidad, para lograr la victoria y mantener la integridad territorial de Siria y la unidad de su pueblo, as\u00ed como acabar con todas las ambiciones del nuevo colonialismo en la regi\u00f3n.<\/p>\n<p>Concluyendo el comunicado, la Canciller\u00eda se\u00f1al\u00f3 que la UE no merece un puesto digno en el escenario internacional, ya que la misma se dej\u00f3 llevar por las pol\u00edticas de los dem\u00e1s y contradijo\u00a0sus propios principios.<\/p>\n<p>&nbsp;<\/p>\n<p>Lynn A.<\/p>\n","protected":false},"excerpt":{"rendered":"<p>Damasco, SANA La Canciller\u00eda siria emiti\u00f3 este martes un comunicado en el que conden\u00f3 las\u00a0alegaciones mencionadas en la declaraci\u00f3n final de los cancilleres de la Uni\u00f3n Europea emitida ayer, acerca de\u00a0la situaci\u00f3n en Siria. Estas alegaciones demuestran que la Uni\u00f3n Europeo est\u00e1 continuando con sus pol\u00edticas de desorientaci\u00f3n, a pesar de que se queda claro &hellip;<\/p>\n","protected":false},"author":24,"featured_media":6250,"comment_status":"closed","ping_status":"closed","sticky":false,"template":"","format":"standard","meta":{"footnotes":""},"categories":[477,597,476],"tags":[3282],"class_list":["post-14404","post","type-post","status-publish","format-standard","has-post-thumbnail","","category-noticias-edulcorantes","category-cinta-de-noticias","category-locales","tag-damasco-condena-las-recientes-acusaciones-de-la-union-europea-sobre-la-situacion-en-siria"],"_links":{"self":[{"href":"https:\/\/archive.sana.sy\/es\/index.php?rest_route=\/wp\/v2\/posts\/14404"}],"collection":[{"href":"https:\/\/archive.sana.sy\/es\/index.php?rest_route=\/wp\/v2\/posts"}],"about":[{"href":"https:\/\/archive.sana.sy\/es\/index.php?rest_route=\/wp\/v2\/types\/post"}],"author":[{"embeddable":true,"href":"https:\/\/archive.sana.sy\/es\/index.php?rest_route=\/wp\/v2\/users\/24"}],"replies":[{"embeddable":true,"href":"https:\/\/archive.sana.sy\/es\/index.php?rest_route=%2Fwp%2Fv2%2Fcomments&post=14404"}],"version-history":[{"count":0,"href":"https:\/\/archive.sana.sy\/es\/index.php?rest_route=\/wp\/v2\/posts\/14404\/revisions"}],"wp:featuredmedia":[{"embeddable":true,"href":"https:\/\/archive.sana.sy\/es\/index.php?rest_route=\/wp\/v2\/media\/6250"}],"wp:attachment":[{"href":"https:\/\/archive.sana.sy\/es\/index.php?rest_route=%2Fwp%2Fv2%2Fmedia&parent=14404"}],"wp:term":[{"taxonomy":"category","embeddable":true,"href":"https:\/\/archive.sana.sy\/es\/index.php?rest_route=%2Fwp%2Fv2%2Fcategories&post=14404"},{"taxonomy":"post_tag","embeddable":true,"href":"https:\/\/archive.sana.sy\/es\/index.php?rest_route=%2Fwp%2Fv2%2Ftags&post=14404"}],"curies":[{"name":"wp","href":"https:\/\/api.w.org\/{rel}","templated":true}]}}