{"id":14411,"date":"2014-12-16T17:36:27","date_gmt":"2014-12-16T15:36:27","guid":{"rendered":"http:\/\/www.sana.sy\/es\/?p=14411"},"modified":"2014-12-16T17:36:27","modified_gmt":"2014-12-16T15:36:27","slug":"desmienten-noticias-sobre-una-supuesta-movilizacion-de-los-jovenes-sirios","status":"publish","type":"post","link":"https:\/\/archive.sana.sy\/es\/?p=14411","title":{"rendered":"Desmienten noticias sobre una supuesta \u201cmovilizaci\u00f3n de los j\u00f3venes sirios\u201d"},"content":{"rendered":"<p>Damasco, SANA<\/p>\n<p>Una fuente del ministerio de Informaci\u00f3n desminti\u00f3 las noticias publicadas por algunos sitios web sobre un supuesto estado de m\u00e1xima alerta anunciado por la Comandancia General del Ej\u00e9rcito y las Fuerzas Armadas.<\/p>\n<p>La fuente agreg\u00f3 son totalmente infundadas las noticias sobre una \u201cmovilizaci\u00f3n de los j\u00f3venes sirios\u201d.<\/p>\n<p>Lynn A., Fady M.<\/p>\n","protected":false},"excerpt":{"rendered":"<p>Damasco, SANA Una fuente del ministerio de Informaci\u00f3n desminti\u00f3 las noticias publicadas por algunos sitios web sobre un supuesto estado de m\u00e1xima alerta anunciado por la Comandancia General del Ej\u00e9rcito y las Fuerzas Armadas. La fuente agreg\u00f3 son totalmente infundadas las noticias sobre una \u201cmovilizaci\u00f3n de los j\u00f3venes sirios\u201d. Lynn A., Fady M.<\/p>\n","protected":false},"author":24,"featured_media":8528,"comment_status":"closed","ping_status":"closed","sticky":false,"template":"","format":"standard","meta":{"footnotes":""},"categories":[477,597,476],"tags":[3283],"class_list":["post-14411","post","type-post","status-publish","format-standard","has-post-thumbnail","","category-noticias-edulcorantes","category-cinta-de-noticias","category-locales","tag-desmienten-noticias-sobre-una-supuesta-movilizacion-de-los-jovenes-sirios"],"_links":{"self":[{"href":"https:\/\/archive.sana.sy\/es\/index.php?rest_route=\/wp\/v2\/posts\/14411"}],"collection":[{"href":"https:\/\/archive.sana.sy\/es\/index.php?rest_route=\/wp\/v2\/posts"}],"about":[{"href":"https:\/\/archive.sana.sy\/es\/index.php?rest_route=\/wp\/v2\/types\/post"}],"author":[{"embeddable":true,"href":"https:\/\/archive.sana.sy\/es\/index.php?rest_route=\/wp\/v2\/users\/24"}],"replies":[{"embeddable":true,"href":"https:\/\/archive.sana.sy\/es\/index.php?rest_route=%2Fwp%2Fv2%2Fcomments&post=14411"}],"version-history":[{"count":0,"href":"https:\/\/archive.sana.sy\/es\/index.php?rest_route=\/wp\/v2\/posts\/14411\/revisions"}],"wp:featuredmedia":[{"embeddable":true,"href":"https:\/\/archive.sana.sy\/es\/index.php?rest_route=\/wp\/v2\/media\/8528"}],"wp:attachment":[{"href":"https:\/\/archive.sana.sy\/es\/index.php?rest_route=%2Fwp%2Fv2%2Fmedia&parent=14411"}],"wp:term":[{"taxonomy":"category","embeddable":true,"href":"https:\/\/archive.sana.sy\/es\/index.php?rest_route=%2Fwp%2Fv2%2Fcategories&post=14411"},{"taxonomy":"post_tag","embeddable":true,"href":"https:\/\/archive.sana.sy\/es\/index.php?rest_route=%2Fwp%2Fv2%2Ftags&post=14411"}],"curies":[{"name":"wp","href":"https:\/\/api.w.org\/{rel}","templated":true}]}}