{"id":144256,"date":"2020-06-27T13:30:44","date_gmt":"2020-06-27T10:30:44","guid":{"rendered":"http:\/\/sana.sy\/es\/?p=144256"},"modified":"2020-06-27T13:40:55","modified_gmt":"2020-06-27T10:40:55","slug":"sirios-protestan-contra-las-fuerzas-de-ocupacion-de-ee-uu-y-turquia-en-hasakeh-2","status":"publish","type":"post","link":"https:\/\/archive.sana.sy\/es\/?p=144256","title":{"rendered":"Sirios queman bandera de EE.UU durante protestas contra la ocupaci\u00f3n turca y estadounidense en Hasakeh"},"content":{"rendered":"<p><span style=\"color: #800000;\">Hasakeh, SANA<\/span><\/p>\n<p style=\"text-align: justify;\">Los lugare\u00f1os de la localidad de Tal Audeh en el noreste de la provincia de Hasakeh, protestaron contra las fuerzas de ocupaci\u00f3n estadounidenses y turcas, y en rechazo a la llamada (Ley C\u00e9sar).<\/p>\n<p style=\"text-align: justify;\">Seg\u00fan report\u00f3 la corresponsal de SANA, los aleda\u00f1os denunciaron la injusta y criminal ley y consideraron que la misma constituye una violaci\u00f3n flagrante de los derechos humanos y las leyes internacionales.<\/p>\n<p style=\"text-align: justify;\">Los manifestantes expresaron su convicci\u00f3n en que la firmeza del pueblo, el ej\u00e9rcito y el liderazgo de Siria abortar\u00e1 los efectos de esta nueva agresi\u00f3n.<\/p>\n<p style=\"text-align: justify;\">Asimismo, quemaron banderas estadounidenses y corearon consignas que exigen la salida de las fuerzas de ocupaci\u00f3n del pa\u00eds, y llevaron pancartas que denuncian la llamada Ley C\u00e9sar.<\/p>\n<p style=\"text-align: justify;\">\u201cLa administraci\u00f3n racista de Trump no solo roba la riqueza y los recursos de esa naci\u00f3n, crea el caos y la destrucci\u00f3n a trav\u00e9s apoyar las organizaciones terroristas, sino quiere completar su conspiraci\u00f3n y agresi\u00f3n para hacer arrodillar al pueblo sirio mediante la llamada Ley C\u00e9sar\u201d, expres\u00f3 un manifestante.<\/p>\n<p style=\"text-align: justify;\">Otro afirm\u00f3 que \u201cno podr\u00e1n doblegar a Siria porque somos un pueblo vivo y capaz de superar las circunstancias m\u00e1s duras y todas las medidas sucias no lograr\u00e1n romper la voluntad nuestra\u201d.<\/p>\n<p style=\"text-align: justify;\">Incrementan las manifestaciones en varias zonas en el norte de Siria contra la presencia de fuerzas de ocupaci\u00f3n turcas y estadounidenses.<\/p>\n<div id='gallery-1' class='gallery galleryid-144256 gallery-columns-1 gallery-size-full'><figure class='gallery-item'>\n\t\t\t<div class='gallery-icon landscape'>\n\t\t\t\t<a href='https:\/\/archive.sana.sy\/es\/?attachment_id=144258'><img loading=\"lazy\" decoding=\"async\" width=\"660\" height=\"363\" src=\"https:\/\/archive.sana.sy\/es\/wp-content\/uploads\/2020\/06\/3-16.jpg\" class=\"attachment-full size-full\" alt=\"\" srcset=\"https:\/\/archive.sana.sy\/es\/wp-content\/uploads\/2020\/06\/3-16.jpg 660w, https:\/\/archive.sana.sy\/es\/wp-content\/uploads\/2020\/06\/3-16-300x165.jpg 300w, https:\/\/archive.sana.sy\/es\/wp-content\/uploads\/2020\/06\/3-16-150x83.jpg 150w\" sizes=\"(max-width: 660px) 100vw, 660px\" \/><\/a>\n\t\t\t<\/div><\/figure><figure class='gallery-item'>\n\t\t\t<div class='gallery-icon landscape'>\n\t\t\t\t<a href='https:\/\/archive.sana.sy\/es\/?attachment_id=144259'><img loading=\"lazy\" decoding=\"async\" width=\"660\" height=\"461\" src=\"https:\/\/archive.sana.sy\/es\/wp-content\/uploads\/2020\/06\/2-19.jpg\" class=\"attachment-full size-full\" alt=\"\" srcset=\"https:\/\/archive.sana.sy\/es\/wp-content\/uploads\/2020\/06\/2-19.jpg 660w, https:\/\/archive.sana.sy\/es\/wp-content\/uploads\/2020\/06\/2-19-300x210.jpg 300w, https:\/\/archive.sana.sy\/es\/wp-content\/uploads\/2020\/06\/2-19-150x105.jpg 150w\" sizes=\"(max-width: 660px) 100vw, 660px\" \/><\/a>\n\t\t\t<\/div><\/figure>\n\t\t<\/div>\n\n<p>A.SH\/F.M<\/p>\n","protected":false},"excerpt":{"rendered":"<p>Hasakeh, SANA Los lugare\u00f1os de la localidad de Tal Audeh en el noreste de la provincia de Hasakeh, protestaron contra las fuerzas de ocupaci\u00f3n estadounidenses y turcas, y en rechazo a la llamada (Ley C\u00e9sar). Seg\u00fan report\u00f3 la corresponsal de SANA, los aleda\u00f1os denunciaron la injusta y criminal ley y consideraron que la misma constituye &hellip;<\/p>\n","protected":false},"author":36,"featured_media":144257,"comment_status":"closed","ping_status":"closed","sticky":false,"template":"","format":"standard","meta":{"footnotes":""},"categories":[597,573,476,583],"tags":[],"class_list":["post-144256","post","type-post","status-publish","format-standard","has-post-thumbnail","","category-cinta-de-noticias","category-la-realidad-de-los-acontecimientos-en-siria","category-locales","category-slide"],"_links":{"self":[{"href":"https:\/\/archive.sana.sy\/es\/index.php?rest_route=\/wp\/v2\/posts\/144256"}],"collection":[{"href":"https:\/\/archive.sana.sy\/es\/index.php?rest_route=\/wp\/v2\/posts"}],"about":[{"href":"https:\/\/archive.sana.sy\/es\/index.php?rest_route=\/wp\/v2\/types\/post"}],"author":[{"embeddable":true,"href":"https:\/\/archive.sana.sy\/es\/index.php?rest_route=\/wp\/v2\/users\/36"}],"replies":[{"embeddable":true,"href":"https:\/\/archive.sana.sy\/es\/index.php?rest_route=%2Fwp%2Fv2%2Fcomments&post=144256"}],"version-history":[{"count":0,"href":"https:\/\/archive.sana.sy\/es\/index.php?rest_route=\/wp\/v2\/posts\/144256\/revisions"}],"wp:featuredmedia":[{"embeddable":true,"href":"https:\/\/archive.sana.sy\/es\/index.php?rest_route=\/wp\/v2\/media\/144257"}],"wp:attachment":[{"href":"https:\/\/archive.sana.sy\/es\/index.php?rest_route=%2Fwp%2Fv2%2Fmedia&parent=144256"}],"wp:term":[{"taxonomy":"category","embeddable":true,"href":"https:\/\/archive.sana.sy\/es\/index.php?rest_route=%2Fwp%2Fv2%2Fcategories&post=144256"},{"taxonomy":"post_tag","embeddable":true,"href":"https:\/\/archive.sana.sy\/es\/index.php?rest_route=%2Fwp%2Fv2%2Ftags&post=144256"}],"curies":[{"name":"wp","href":"https:\/\/api.w.org\/{rel}","templated":true}]}}