{"id":144272,"date":"2020-06-26T18:39:59","date_gmt":"2020-06-26T15:39:59","guid":{"rendered":"http:\/\/sana.sy\/es\/?p=144272"},"modified":"2020-06-26T18:39:59","modified_gmt":"2020-06-26T15:39:59","slug":"figuras-argelinas-planean-formar-un-comite-para-romper-el-embargo-a-siria","status":"publish","type":"post","link":"https:\/\/archive.sana.sy\/es\/?p=144272","title":{"rendered":"Figuras argelinas planean formar un comit\u00e9 para romper el embargo a Siria"},"content":{"rendered":"<p><span style=\"color: #800000;\">Argel, SANA<\/span><\/p>\n<p style=\"text-align: justify;\">Varias figuras argelinas, encabezados por Al Raed Lakhdar Bouraka y la luchadora Jamila Bouhired, tienen la intenci\u00f3n de formar un comit\u00e9 argelino para romper el asedio a Siria y preparar un convoy que contenga alimentos y suministros m\u00e9dicos para enviarlo a Damasco por aire o mar, mientras se mantienen contactos con las autoridades competentes en Argelia para ese prop\u00f3sito.<\/p>\n<p style=\"text-align: justify;\">Bouraqa, a su vez, tambi\u00e9n est\u00e1 en contacto con activistas en el Magreb y los pa\u00edses de \u00c1frica occidental que limitan con Argelia para formar un comit\u00e9 \u00e1rabe-africano con el mismo objetivo.<\/p>\n<p style=\"text-align: justify;\">Varias personalidades argelinas enviaron un mensaje similar a la reuni\u00f3n ampliada libanesa-palestina, que tendr\u00e1 lugar en la embajada siria en El L\u00edbano, por iniciativa de la campa\u00f1a civil de apoyo a Palestina, en coordinaci\u00f3n con activistas libaneses y palestinos en Beirut.<\/p>\n<p style=\"text-align: justify;\">La misiva, titulada &#8220;No para matar de hambre al pueblo sirio&#8221;, declara que despu\u00e9s de todas las conspiraciones contra Siria, la administraci\u00f3n de EE.UU. est\u00e1 tratando de pasar a una nueva etapa destinada a matar de hambre al pueblo sirio y detener el proceso de reconstrucci\u00f3n con medidas punitivas sin precedentes contra entidades de pa\u00edses y empresas que tratan con Siria y participan en los esfuerzos de reconstrucci\u00f3n.<\/p>\n<p style=\"text-align: justify;\">Tambi\u00e9n se\u00f1al\u00f3 que &#8220;la era de imponer voluntades extranjeras en Siria ha terminado&#8221;.<\/p>\n<p style=\"text-align: justify;\">Asimismo, enfatiz\u00f3 que &#8220;la hegemon\u00eda sionista, que se ve reforzada por los reg\u00edmenes t\u00edteres \u00e1rabes que han estado aplastando durante d\u00e9cadas el levantamiento de pueblos \u00e1rabes, es el trasfondo b\u00e1sico detr\u00e1s de la Ley C\u00e9sar&#8221;.<\/p>\n<p style=\"text-align: justify;\">Por su parte, el m\u00e9dico y acad\u00e9mico argelino, Rachid Ould Bou Sayyafah, asegur\u00f3 al canal de Al Mayadeen que esta iniciativa fue lanzada para apoyar a Siria frente a la Ley C\u00e9sar. \u201cEs nuestro deber como argelinos defender a Siria en esta etapa&#8221;, afirm\u00f3.<\/p>\n<p style=\"text-align: justify;\">Bou Sayyafah consider\u00f3 que se est\u00e1n realizando contactos para organizar convoyes humanitarios para brindar asistencia a los sirios, y subray\u00f3 que continuar\u00e1n movi\u00e9ndose pol\u00edticamente en m\u00e1s de un nivel para enfrentar el complot que se est\u00e1 tramando contra Siria.<\/p>\n<p>&nbsp;<\/p>\n<p>M.M<\/p>\n","protected":false},"excerpt":{"rendered":"<p>Argel, SANA Varias figuras argelinas, encabezados por Al Raed Lakhdar Bouraka y la luchadora Jamila Bouhired, tienen la intenci\u00f3n de formar un comit\u00e9 argelino para romper el asedio a Siria y preparar un convoy que contenga alimentos y suministros m\u00e9dicos para enviarlo a Damasco por aire o mar, mientras se mantienen contactos con las autoridades &hellip;<\/p>\n","protected":false},"author":36,"featured_media":144273,"comment_status":"closed","ping_status":"closed","sticky":false,"template":"","format":"standard","meta":{"footnotes":""},"categories":[597,467,7541],"tags":[6867],"class_list":["post-144272","post","type-post","status-publish","format-standard","has-post-thumbnail","","category-cinta-de-noticias","category-siria-y-el-mundo","category-ultimas-noticias","tag-argelia"],"_links":{"self":[{"href":"https:\/\/archive.sana.sy\/es\/index.php?rest_route=\/wp\/v2\/posts\/144272"}],"collection":[{"href":"https:\/\/archive.sana.sy\/es\/index.php?rest_route=\/wp\/v2\/posts"}],"about":[{"href":"https:\/\/archive.sana.sy\/es\/index.php?rest_route=\/wp\/v2\/types\/post"}],"author":[{"embeddable":true,"href":"https:\/\/archive.sana.sy\/es\/index.php?rest_route=\/wp\/v2\/users\/36"}],"replies":[{"embeddable":true,"href":"https:\/\/archive.sana.sy\/es\/index.php?rest_route=%2Fwp%2Fv2%2Fcomments&post=144272"}],"version-history":[{"count":0,"href":"https:\/\/archive.sana.sy\/es\/index.php?rest_route=\/wp\/v2\/posts\/144272\/revisions"}],"wp:featuredmedia":[{"embeddable":true,"href":"https:\/\/archive.sana.sy\/es\/index.php?rest_route=\/wp\/v2\/media\/144273"}],"wp:attachment":[{"href":"https:\/\/archive.sana.sy\/es\/index.php?rest_route=%2Fwp%2Fv2%2Fmedia&parent=144272"}],"wp:term":[{"taxonomy":"category","embeddable":true,"href":"https:\/\/archive.sana.sy\/es\/index.php?rest_route=%2Fwp%2Fv2%2Fcategories&post=144272"},{"taxonomy":"post_tag","embeddable":true,"href":"https:\/\/archive.sana.sy\/es\/index.php?rest_route=%2Fwp%2Fv2%2Ftags&post=144272"}],"curies":[{"name":"wp","href":"https:\/\/api.w.org\/{rel}","templated":true}]}}