{"id":144325,"date":"2020-06-27T10:06:18","date_gmt":"2020-06-27T07:06:18","guid":{"rendered":"http:\/\/sana.sy\/es\/?p=144325"},"modified":"2020-06-27T10:22:19","modified_gmt":"2020-06-27T07:22:19","slug":"putin-y-macron-reafirman-necesidad-de-continuar-la-lucha-antiterrorista-en-siria","status":"publish","type":"post","link":"https:\/\/archive.sana.sy\/es\/?p=144325","title":{"rendered":"Putin y Macron reafirman necesidad de continuar la lucha antiterrorista en Siria"},"content":{"rendered":"<p><span style=\"color: #800000;\">Mosc\u00fa, SANA<\/span><\/p>\n<p style=\"text-align: justify;\">El Kremlin anunci\u00f3 que el presidente ruso, Vladimir Putin, y su hom\u00f3logo franc\u00e9s, Emmanuel Macron, reafirmaron &#8220;la necesidad de continuar la lucha contra el terrorismo en Siria&#8221;.<\/p>\n<p style=\"text-align: justify;\">El sitio web Russia Today cit\u00f3 al Kremlin diciendo en un comunicado que los presidentes ruso y franc\u00e9s &#8220;intercambiaron opiniones durante una reuni\u00f3n virtual sobre la situaci\u00f3n en Siria, mientras Putin inform\u00f3 a Macron sobre las medidas tomadas por Rusia para reducir la escalada en la regi\u00f3n de Idlib&#8221;.<\/p>\n<p style=\"text-align: justify;\">La nota se\u00f1al\u00f3 que &#8220;ambas partes comparten una postura com\u00fan que subraya la necesidad de combatir el terrorismo sin cesar y tomar medidas para mejorar la situaci\u00f3n humanitaria en Siria&#8221;.<\/p>\n<p style=\"text-align: justify;\">El Kremlin se\u00f1al\u00f3 que esos temas ser\u00e1n debatidos tambi\u00e9n entre Rusia y Francia al nivel de los cancilleres de los dos pa\u00edses.<\/p>\n<p><span style=\"color: #0000ff;\">FM\/ RR<\/span><\/p>\n","protected":false},"excerpt":{"rendered":"<p>Mosc\u00fa, SANA El Kremlin anunci\u00f3 que el presidente ruso, Vladimir Putin, y su hom\u00f3logo franc\u00e9s, Emmanuel Macron, reafirmaron &#8220;la necesidad de continuar la lucha contra el terrorismo en Siria&#8221;. El sitio web Russia Today cit\u00f3 al Kremlin diciendo en un comunicado que los presidentes ruso y franc\u00e9s &#8220;intercambiaron opiniones durante una reuni\u00f3n virtual sobre la &hellip;<\/p>\n","protected":false},"author":31,"featured_media":144326,"comment_status":"closed","ping_status":"closed","sticky":false,"template":"","format":"standard","meta":{"footnotes":""},"categories":[597,467],"tags":[],"class_list":["post-144325","post","type-post","status-publish","format-standard","has-post-thumbnail","","category-cinta-de-noticias","category-siria-y-el-mundo"],"_links":{"self":[{"href":"https:\/\/archive.sana.sy\/es\/index.php?rest_route=\/wp\/v2\/posts\/144325"}],"collection":[{"href":"https:\/\/archive.sana.sy\/es\/index.php?rest_route=\/wp\/v2\/posts"}],"about":[{"href":"https:\/\/archive.sana.sy\/es\/index.php?rest_route=\/wp\/v2\/types\/post"}],"author":[{"embeddable":true,"href":"https:\/\/archive.sana.sy\/es\/index.php?rest_route=\/wp\/v2\/users\/31"}],"replies":[{"embeddable":true,"href":"https:\/\/archive.sana.sy\/es\/index.php?rest_route=%2Fwp%2Fv2%2Fcomments&post=144325"}],"version-history":[{"count":0,"href":"https:\/\/archive.sana.sy\/es\/index.php?rest_route=\/wp\/v2\/posts\/144325\/revisions"}],"wp:featuredmedia":[{"embeddable":true,"href":"https:\/\/archive.sana.sy\/es\/index.php?rest_route=\/wp\/v2\/media\/144326"}],"wp:attachment":[{"href":"https:\/\/archive.sana.sy\/es\/index.php?rest_route=%2Fwp%2Fv2%2Fmedia&parent=144325"}],"wp:term":[{"taxonomy":"category","embeddable":true,"href":"https:\/\/archive.sana.sy\/es\/index.php?rest_route=%2Fwp%2Fv2%2Fcategories&post=144325"},{"taxonomy":"post_tag","embeddable":true,"href":"https:\/\/archive.sana.sy\/es\/index.php?rest_route=%2Fwp%2Fv2%2Ftags&post=144325"}],"curies":[{"name":"wp","href":"https:\/\/api.w.org\/{rel}","templated":true}]}}