{"id":144329,"date":"2020-06-26T23:16:29","date_gmt":"2020-06-26T20:16:29","guid":{"rendered":"http:\/\/sana.sy\/es\/?p=144329"},"modified":"2020-06-26T23:16:29","modified_gmt":"2020-06-26T20:16:29","slug":"siria-reporta-la-octava-muerte-por-covid-19-mientras-seis-nuevos-casos-se-recuperaron-de-la-enfermedad","status":"publish","type":"post","link":"https:\/\/archive.sana.sy\/es\/?p=144329","title":{"rendered":"Siria reporta la octava muerte por Covid-19 mientras seis nuevos casos se recuperaron de la enfermedad"},"content":{"rendered":"<p><span style=\"color: #800000;\">Damasco, SANA<\/span><\/p>\n<p style=\"text-align: justify;\">El Ministerio de Salud anunci\u00f3 hoy una octava muerte y seis nuevos recuperados de la enfermedad Covid-19.<\/p>\n<p style=\"text-align: justify;\">En un comunicado, el ministerio explic\u00f3 que una persona que padec\u00eda de problemas respiratorios fue ingresada en uno de los hospitales donde falleci\u00f3, y al hacerle la prueba de Covid-19, dio positivo al virus.<\/p>\n<p style=\"text-align: justify;\">La nota agreg\u00f3 que seis enfermos fueron dados de alta m\u00e9dica tras recuperarse del virus, lo que aumenta a 102 los recuperados en el pa\u00eds de esta enfermedad.<\/p>\n<p style=\"text-align: justify;\">El Ministerio anunci\u00f3 la ma\u00f1ana de hoy viernes, 12 nuevos casos de infectados con el nuevo Coronavirus, lo que asciende la cifra de contagiados en el pa\u00eds a 255.<\/p>\n","protected":false},"excerpt":{"rendered":"<p>Damasco, SANA El Ministerio de Salud anunci\u00f3 hoy una octava muerte y seis nuevos recuperados de la enfermedad Covid-19. En un comunicado, el ministerio explic\u00f3 que una persona que padec\u00eda de problemas respiratorios fue ingresada en uno de los hospitales donde falleci\u00f3, y al hacerle la prueba de Covid-19, dio positivo al virus. La nota &hellip;<\/p>\n","protected":false},"author":31,"featured_media":144330,"comment_status":"closed","ping_status":"closed","sticky":false,"template":"","format":"standard","meta":{"footnotes":""},"categories":[597,476,583],"tags":[],"class_list":["post-144329","post","type-post","status-publish","format-standard","has-post-thumbnail","","category-cinta-de-noticias","category-locales","category-slide"],"_links":{"self":[{"href":"https:\/\/archive.sana.sy\/es\/index.php?rest_route=\/wp\/v2\/posts\/144329"}],"collection":[{"href":"https:\/\/archive.sana.sy\/es\/index.php?rest_route=\/wp\/v2\/posts"}],"about":[{"href":"https:\/\/archive.sana.sy\/es\/index.php?rest_route=\/wp\/v2\/types\/post"}],"author":[{"embeddable":true,"href":"https:\/\/archive.sana.sy\/es\/index.php?rest_route=\/wp\/v2\/users\/31"}],"replies":[{"embeddable":true,"href":"https:\/\/archive.sana.sy\/es\/index.php?rest_route=%2Fwp%2Fv2%2Fcomments&post=144329"}],"version-history":[{"count":0,"href":"https:\/\/archive.sana.sy\/es\/index.php?rest_route=\/wp\/v2\/posts\/144329\/revisions"}],"wp:featuredmedia":[{"embeddable":true,"href":"https:\/\/archive.sana.sy\/es\/index.php?rest_route=\/wp\/v2\/media\/144330"}],"wp:attachment":[{"href":"https:\/\/archive.sana.sy\/es\/index.php?rest_route=%2Fwp%2Fv2%2Fmedia&parent=144329"}],"wp:term":[{"taxonomy":"category","embeddable":true,"href":"https:\/\/archive.sana.sy\/es\/index.php?rest_route=%2Fwp%2Fv2%2Fcategories&post=144329"},{"taxonomy":"post_tag","embeddable":true,"href":"https:\/\/archive.sana.sy\/es\/index.php?rest_route=%2Fwp%2Fv2%2Ftags&post=144329"}],"curies":[{"name":"wp","href":"https:\/\/api.w.org\/{rel}","templated":true}]}}