{"id":144337,"date":"2020-06-27T09:00:15","date_gmt":"2020-06-27T06:00:15","guid":{"rendered":"http:\/\/sana.sy\/es\/?p=144337"},"modified":"2023-01-12T14:43:59","modified_gmt":"2023-01-12T12:43:59","slug":"cuba-rechaza-lista-estadounidense-sobre-lucha-contra-la-trata-de-personas","status":"publish","type":"post","link":"https:\/\/archive.sana.sy\/es\/?p=144337","title":{"rendered":"Cuba rechaza lista estadounidense sobre lucha contra la Trata de Personas"},"content":{"rendered":"<p style=\"text-align: justify;\"><strong><span style=\"color: #800000;\">La Habana, SANA<\/span><\/strong><\/p>\n<p style=\"text-align: justify;\">El presidente cubano, Miguel D\u00edaz Canel, describi\u00f3 la lista estadounidense de pa\u00edses que &#8220;no est\u00e1n haciendo lo suficiente para luchar contra la \u201cTrata de Personas\u201d como falsa, y conden\u00f3 la continua inclusi\u00f3n de su pa\u00eds en esa lista por parte de Washington.<\/p>\n<p style=\"text-align: justify;\">\u201cEl imperialismo est\u00e1 mintiendo de nuevo\u201d, tuite\u00f3 el mandatario cubano, y asegur\u00f3 que la lista de EE.UU. es falsa, ileg\u00edtima, unilateral y carece de moral\u201d.<\/p>\n<p style=\"text-align: justify;\">Indic\u00f3 que Estados Unidos no lleva el ejemplo exitoso que Cuba ha mostrado en esta \u00e1rea.<br \/>\nA su vez, el ministro cubano de Relaciones Exteriores, Bruno Rodr\u00edguez, critic\u00f3 en un tweet la lista mencionada de EE.UU, y afirm\u00f3 que \u201cla actuaci\u00f3n de Cuba es ejemplar en la lucha contra la Trata de Seres Humanos y no tolera en absoluto este grave flagelo\u201d.<\/p>\n<p style=\"text-align: justify;\">En el mismo contexto, el peri\u00f3dico Granma, portavoz del Partido Comunista de Cuba, subray\u00f3 que la lista de la Secretaria de Estado \u201ccontradice con los hechos y el papel humanitario desempe\u00f1ado por los m\u00e9dicos cubanos e intenta ignorar la campa\u00f1a de solidaridad que han recibido de varios pa\u00edses y organizaciones de todo el mundo\u201d.<\/p>\n<p style=\"text-align: justify;\"><span style=\"color: #0000ff;\"><strong>A.Sh\/F.M<\/strong><\/span><\/p>\n","protected":false},"excerpt":{"rendered":"<p>La Habana, SANA El presidente cubano, Miguel D\u00edaz Canel, describi\u00f3 la lista estadounidense de pa\u00edses que &#8220;no est\u00e1n haciendo lo suficiente para luchar contra la \u201cTrata de Personas\u201d como falsa, y conden\u00f3 la continua inclusi\u00f3n de su pa\u00eds en esa lista por parte de Washington. \u201cEl imperialismo est\u00e1 mintiendo de nuevo\u201d, tuite\u00f3 el mandatario cubano, &hellip;<\/p>\n","protected":false},"author":35,"featured_media":144338,"comment_status":"closed","ping_status":"closed","sticky":false,"template":"","format":"standard","meta":{"footnotes":""},"categories":[597,456,7541],"tags":[],"class_list":["post-144337","post","type-post","status-publish","format-standard","has-post-thumbnail","","category-cinta-de-noticias","category-arabe-internacional-politica","category-ultimas-noticias"],"_links":{"self":[{"href":"https:\/\/archive.sana.sy\/es\/index.php?rest_route=\/wp\/v2\/posts\/144337"}],"collection":[{"href":"https:\/\/archive.sana.sy\/es\/index.php?rest_route=\/wp\/v2\/posts"}],"about":[{"href":"https:\/\/archive.sana.sy\/es\/index.php?rest_route=\/wp\/v2\/types\/post"}],"author":[{"embeddable":true,"href":"https:\/\/archive.sana.sy\/es\/index.php?rest_route=\/wp\/v2\/users\/35"}],"replies":[{"embeddable":true,"href":"https:\/\/archive.sana.sy\/es\/index.php?rest_route=%2Fwp%2Fv2%2Fcomments&post=144337"}],"version-history":[{"count":0,"href":"https:\/\/archive.sana.sy\/es\/index.php?rest_route=\/wp\/v2\/posts\/144337\/revisions"}],"wp:featuredmedia":[{"embeddable":true,"href":"https:\/\/archive.sana.sy\/es\/index.php?rest_route=\/wp\/v2\/media\/144338"}],"wp:attachment":[{"href":"https:\/\/archive.sana.sy\/es\/index.php?rest_route=%2Fwp%2Fv2%2Fmedia&parent=144337"}],"wp:term":[{"taxonomy":"category","embeddable":true,"href":"https:\/\/archive.sana.sy\/es\/index.php?rest_route=%2Fwp%2Fv2%2Fcategories&post=144337"},{"taxonomy":"post_tag","embeddable":true,"href":"https:\/\/archive.sana.sy\/es\/index.php?rest_route=%2Fwp%2Fv2%2Ftags&post=144337"}],"curies":[{"name":"wp","href":"https:\/\/api.w.org\/{rel}","templated":true}]}}