{"id":144340,"date":"2020-06-27T10:09:24","date_gmt":"2020-06-27T07:09:24","guid":{"rendered":"http:\/\/sana.sy\/es\/?p=144340"},"modified":"2023-01-12T14:43:59","modified_gmt":"2023-01-12T12:43:59","slug":"reunion-solidaria-con-siria-en-el-libano-en-rechazo-a-la-ley-cesar","status":"publish","type":"post","link":"https:\/\/archive.sana.sy\/es\/?p=144340","title":{"rendered":"Reuni\u00f3n solidaria con Siria en El L\u00edbano en rechazo a la Ley C\u00e9sar"},"content":{"rendered":"<p style=\"text-align: justify;\"><span style=\"color: #800000;\"><strong>Beirut, SANA<\/strong><\/span><\/p>\n<p style=\"text-align: justify;\">La Campa\u00f1a Civil por Palestina y las Causas de la Naci\u00f3n \u00c1rabe celebr\u00f3 hoy en la embajada de Siria en el L\u00edbano, una reuni\u00f3n solidaria con Siria en rechazo de medidas coercitivas unilaterales estadounidenses, especialmente la llamada Ley C\u00e9sar y en apoyo a la integraci\u00f3n econ\u00f3mica entre ambos pa\u00edses hermanos.<\/p>\n<p style=\"text-align: justify;\">El coordinador general de la campa\u00f1a Maan Bashour, rechaz\u00f3 la referida Ley y las medidas coercitivas contra Siria, pidiendo una postura unificada en respuesta a esas medidas y fortalecer los lazos fraternales sirio-libaneses.<\/p>\n<p style=\"text-align: justify;\">Por su parte, Abu Kifah Ghazi Dabour, secretario general de la Coalici\u00f3n de Fuerzas Palestinas en el L\u00edbano, dijo en un discurso que esas medidas contra Siria se producen despu\u00e9s de vencer los planes terroristas que estaban encaminados a socavar sus posiciones nacionales firmes sobre la causa palestina.<\/p>\n<p style=\"text-align: justify;\">El embajador sirio en El L\u00edbano, Ali Abdul-Karim, subray\u00f3 que estas medidas son una expresi\u00f3n de la frustraci\u00f3n de la administraci\u00f3n estadounidense y se producen despu\u00e9s de las grandes victorias logradas por Siria sobre el terrorismo takfir\u00ed que es herramienta del sionismo y el terrorismo israel\u00ed-estadounidense.<\/p>\n<p style=\"text-align: justify;\">Siria y sus aliados no permitir\u00e1n que estadounidenses, occidentales e israel\u00edes ganen lo que perdieron en la guerra directa a trav\u00e9s de un bloqueo econ\u00f3mico desesperado y fallido, dijo Abdul Karim.<\/p>\n<div id='gallery-1' class='gallery galleryid-144340 gallery-columns-1 gallery-size-full'><figure class='gallery-item'>\n\t\t\t<div class='gallery-icon landscape'>\n\t\t\t\t<a href='https:\/\/archive.sana.sy\/es\/?attachment_id=144345'><img loading=\"lazy\" decoding=\"async\" width=\"660\" height=\"449\" src=\"https:\/\/archive.sana.sy\/es\/wp-content\/uploads\/2020\/06\/2-341.jpg\" class=\"attachment-full size-full\" alt=\"\" srcset=\"https:\/\/archive.sana.sy\/es\/wp-content\/uploads\/2020\/06\/2-341.jpg 660w, https:\/\/archive.sana.sy\/es\/wp-content\/uploads\/2020\/06\/2-341-300x204.jpg 300w, https:\/\/archive.sana.sy\/es\/wp-content\/uploads\/2020\/06\/2-341-150x102.jpg 150w, https:\/\/archive.sana.sy\/es\/wp-content\/uploads\/2020\/06\/2-341-110x75.jpg 110w\" sizes=\"(max-width: 660px) 100vw, 660px\" \/><\/a>\n\t\t\t<\/div><\/figure><figure class='gallery-item'>\n\t\t\t<div class='gallery-icon landscape'>\n\t\t\t\t<a href='https:\/\/archive.sana.sy\/es\/?attachment_id=144346'><img loading=\"lazy\" decoding=\"async\" width=\"660\" height=\"451\" src=\"https:\/\/archive.sana.sy\/es\/wp-content\/uploads\/2020\/06\/3-277.jpg\" class=\"attachment-full size-full\" alt=\"\" srcset=\"https:\/\/archive.sana.sy\/es\/wp-content\/uploads\/2020\/06\/3-277.jpg 660w, https:\/\/archive.sana.sy\/es\/wp-content\/uploads\/2020\/06\/3-277-300x205.jpg 300w, https:\/\/archive.sana.sy\/es\/wp-content\/uploads\/2020\/06\/3-277-150x103.jpg 150w, https:\/\/archive.sana.sy\/es\/wp-content\/uploads\/2020\/06\/3-277-110x75.jpg 110w\" sizes=\"(max-width: 660px) 100vw, 660px\" \/><\/a>\n\t\t\t<\/div><\/figure><figure class='gallery-item'>\n\t\t\t<div class='gallery-icon landscape'>\n\t\t\t\t<a href='https:\/\/archive.sana.sy\/es\/?attachment_id=144347'><img loading=\"lazy\" decoding=\"async\" width=\"660\" height=\"430\" src=\"https:\/\/archive.sana.sy\/es\/wp-content\/uploads\/2020\/06\/4-236.jpg\" class=\"attachment-full size-full\" alt=\"\" srcset=\"https:\/\/archive.sana.sy\/es\/wp-content\/uploads\/2020\/06\/4-236.jpg 660w, https:\/\/archive.sana.sy\/es\/wp-content\/uploads\/2020\/06\/4-236-300x195.jpg 300w, https:\/\/archive.sana.sy\/es\/wp-content\/uploads\/2020\/06\/4-236-150x98.jpg 150w\" sizes=\"(max-width: 660px) 100vw, 660px\" \/><\/a>\n\t\t\t<\/div><\/figure>\n\t\t<\/div>\n\n<p style=\"text-align: justify;\"><span style=\"color: #0000ff;\"><strong>A.SH\/F.M<\/strong><\/span><\/p>\n","protected":false},"excerpt":{"rendered":"<p>Beirut, SANA La Campa\u00f1a Civil por Palestina y las Causas de la Naci\u00f3n \u00c1rabe celebr\u00f3 hoy en la embajada de Siria en el L\u00edbano, una reuni\u00f3n solidaria con Siria en rechazo de medidas coercitivas unilaterales estadounidenses, especialmente la llamada Ley C\u00e9sar y en apoyo a la integraci\u00f3n econ\u00f3mica entre ambos pa\u00edses hermanos. El coordinador general &hellip;<\/p>\n","protected":false},"author":35,"featured_media":144344,"comment_status":"closed","ping_status":"closed","sticky":false,"template":"","format":"standard","meta":{"footnotes":""},"categories":[597,456,7541,1],"tags":[],"class_list":["post-144340","post","type-post","status-publish","format-standard","has-post-thumbnail","","category-cinta-de-noticias","category-arabe-internacional-politica","category-ultimas-noticias","category-news-not-sorted"],"_links":{"self":[{"href":"https:\/\/archive.sana.sy\/es\/index.php?rest_route=\/wp\/v2\/posts\/144340"}],"collection":[{"href":"https:\/\/archive.sana.sy\/es\/index.php?rest_route=\/wp\/v2\/posts"}],"about":[{"href":"https:\/\/archive.sana.sy\/es\/index.php?rest_route=\/wp\/v2\/types\/post"}],"author":[{"embeddable":true,"href":"https:\/\/archive.sana.sy\/es\/index.php?rest_route=\/wp\/v2\/users\/35"}],"replies":[{"embeddable":true,"href":"https:\/\/archive.sana.sy\/es\/index.php?rest_route=%2Fwp%2Fv2%2Fcomments&post=144340"}],"version-history":[{"count":0,"href":"https:\/\/archive.sana.sy\/es\/index.php?rest_route=\/wp\/v2\/posts\/144340\/revisions"}],"wp:featuredmedia":[{"embeddable":true,"href":"https:\/\/archive.sana.sy\/es\/index.php?rest_route=\/wp\/v2\/media\/144344"}],"wp:attachment":[{"href":"https:\/\/archive.sana.sy\/es\/index.php?rest_route=%2Fwp%2Fv2%2Fmedia&parent=144340"}],"wp:term":[{"taxonomy":"category","embeddable":true,"href":"https:\/\/archive.sana.sy\/es\/index.php?rest_route=%2Fwp%2Fv2%2Fcategories&post=144340"},{"taxonomy":"post_tag","embeddable":true,"href":"https:\/\/archive.sana.sy\/es\/index.php?rest_route=%2Fwp%2Fv2%2Ftags&post=144340"}],"curies":[{"name":"wp","href":"https:\/\/api.w.org\/{rel}","templated":true}]}}