{"id":144350,"date":"2020-06-27T11:49:00","date_gmt":"2020-06-27T08:49:00","guid":{"rendered":"http:\/\/sana.sy\/es\/?p=144350"},"modified":"2023-01-12T14:43:59","modified_gmt":"2023-01-12T12:43:59","slug":"fuerza-aerea-de-israel-vuelve-a-atacar-franja-de-gaza","status":"publish","type":"post","link":"https:\/\/archive.sana.sy\/es\/?p=144350","title":{"rendered":"Fuerza a\u00e9rea de Israel vuelve a atacar Franja de Gaza"},"content":{"rendered":"<p style=\"text-align: justify;\"><span style=\"color: #800000;\"><strong>Jerusal\u00e9n ocupada, SANA<\/strong><\/span><\/p>\n<p style=\"text-align: justify;\">Aviones de combate de la ocupaci\u00f3n israel\u00ed lanzaron una nueva agresi\u00f3n contra la asediada Franja de Gaza.<\/p>\n<p style=\"text-align: justify;\">Seg\u00fan informaron medios palestinos, los bombardeos ten\u00edan por objeto zonas en el este y sur dela Franja, lo que caus\u00f3 graves da\u00f1os en la infraestructura y las propiedades.<\/p>\n<p style=\"text-align: justify;\">Cabe destacar que los cazas israel\u00edes atacan todos los d\u00edas la Franja de Gaza.<\/p>\n<p style=\"text-align: justify;\"><strong><span style=\"color: #0000ff;\">W.S\/F.M<\/span><\/strong><\/p>\n","protected":false},"excerpt":{"rendered":"<p>Jerusal\u00e9n ocupada, SANA Aviones de combate de la ocupaci\u00f3n israel\u00ed lanzaron una nueva agresi\u00f3n contra la asediada Franja de Gaza. Seg\u00fan informaron medios palestinos, los bombardeos ten\u00edan por objeto zonas en el este y sur dela Franja, lo que caus\u00f3 graves da\u00f1os en la infraestructura y las propiedades. Cabe destacar que los cazas israel\u00edes atacan &hellip;<\/p>\n","protected":false},"author":35,"featured_media":144351,"comment_status":"closed","ping_status":"closed","sticky":false,"template":"","format":"standard","meta":{"footnotes":""},"categories":[597,456],"tags":[],"class_list":["post-144350","post","type-post","status-publish","format-standard","has-post-thumbnail","","category-cinta-de-noticias","category-arabe-internacional-politica"],"_links":{"self":[{"href":"https:\/\/archive.sana.sy\/es\/index.php?rest_route=\/wp\/v2\/posts\/144350"}],"collection":[{"href":"https:\/\/archive.sana.sy\/es\/index.php?rest_route=\/wp\/v2\/posts"}],"about":[{"href":"https:\/\/archive.sana.sy\/es\/index.php?rest_route=\/wp\/v2\/types\/post"}],"author":[{"embeddable":true,"href":"https:\/\/archive.sana.sy\/es\/index.php?rest_route=\/wp\/v2\/users\/35"}],"replies":[{"embeddable":true,"href":"https:\/\/archive.sana.sy\/es\/index.php?rest_route=%2Fwp%2Fv2%2Fcomments&post=144350"}],"version-history":[{"count":0,"href":"https:\/\/archive.sana.sy\/es\/index.php?rest_route=\/wp\/v2\/posts\/144350\/revisions"}],"wp:featuredmedia":[{"embeddable":true,"href":"https:\/\/archive.sana.sy\/es\/index.php?rest_route=\/wp\/v2\/media\/144351"}],"wp:attachment":[{"href":"https:\/\/archive.sana.sy\/es\/index.php?rest_route=%2Fwp%2Fv2%2Fmedia&parent=144350"}],"wp:term":[{"taxonomy":"category","embeddable":true,"href":"https:\/\/archive.sana.sy\/es\/index.php?rest_route=%2Fwp%2Fv2%2Fcategories&post=144350"},{"taxonomy":"post_tag","embeddable":true,"href":"https:\/\/archive.sana.sy\/es\/index.php?rest_route=%2Fwp%2Fv2%2Ftags&post=144350"}],"curies":[{"name":"wp","href":"https:\/\/api.w.org\/{rel}","templated":true}]}}