{"id":144444,"date":"2020-06-28T22:11:43","date_gmt":"2020-06-28T19:11:43","guid":{"rendered":"http:\/\/sana.sy\/es\/?p=144444"},"modified":"2023-01-10T15:09:43","modified_gmt":"2023-01-10T13:09:43","slug":"pese-a-la-guerra-siria-es-primera-a-nivel-arabe-en-la-produccion-de-cerezas","status":"publish","type":"post","link":"https:\/\/archive.sana.sy\/es\/?p=144444","title":{"rendered":"Pese a la guerra, Siria es primera a nivel \u00e1rabe en la producci\u00f3n de cerezas"},"content":{"rendered":"<p style=\"text-align: justify;\"><strong><span style=\"color: #800000;\">Damasco, SANA<\/span><\/strong><\/p>\n<p style=\"text-align: justify;\">El Ministerio de Agricultura y Reforma Agraria estim\u00f3 la producci\u00f3n de cereza de Siria para la actual temporada en 49 mil 896 toneladas.<\/p>\n<p style=\"text-align: justify;\">El director de Producci\u00f3n Vegetal del Ministerio, Abdul Moeen Qadamani, dijo en declaraciones a SANA que Siria ocupa el primer lugar en el mundo \u00e1rabe y el sexto en el mundo en la producci\u00f3n de esta fruta.<\/p>\n<p style=\"text-align: justify;\">Qadmani confirm\u00f3 que los viveros del Ministerio produjeron el a\u00f1o pasado 74 mil 527 pl\u00e1ntulas de cerezas y se vendieron a los agricultores a precios simb\u00f3licos.<\/p>\n<p style=\"text-align: justify;\"><strong><span style=\"color: #0000ff;\">F.M\/ E.D<\/span><\/strong><\/p>\n","protected":false},"excerpt":{"rendered":"<p>Damasco, SANA El Ministerio de Agricultura y Reforma Agraria estim\u00f3 la producci\u00f3n de cereza de Siria para la actual temporada en 49 mil 896 toneladas. El director de Producci\u00f3n Vegetal del Ministerio, Abdul Moeen Qadamani, dijo en declaraciones a SANA que Siria ocupa el primer lugar en el mundo \u00e1rabe y el sexto en el &hellip;<\/p>\n","protected":false},"author":32,"featured_media":144446,"comment_status":"closed","ping_status":"closed","sticky":false,"template":"","format":"standard","meta":{"footnotes":""},"categories":[597,485,7541],"tags":[],"class_list":["post-144444","post","type-post","status-publish","format-standard","has-post-thumbnail","","category-cinta-de-noticias","category-informes-negocios-y-finanzas","category-ultimas-noticias"],"_links":{"self":[{"href":"https:\/\/archive.sana.sy\/es\/index.php?rest_route=\/wp\/v2\/posts\/144444"}],"collection":[{"href":"https:\/\/archive.sana.sy\/es\/index.php?rest_route=\/wp\/v2\/posts"}],"about":[{"href":"https:\/\/archive.sana.sy\/es\/index.php?rest_route=\/wp\/v2\/types\/post"}],"author":[{"embeddable":true,"href":"https:\/\/archive.sana.sy\/es\/index.php?rest_route=\/wp\/v2\/users\/32"}],"replies":[{"embeddable":true,"href":"https:\/\/archive.sana.sy\/es\/index.php?rest_route=%2Fwp%2Fv2%2Fcomments&post=144444"}],"version-history":[{"count":0,"href":"https:\/\/archive.sana.sy\/es\/index.php?rest_route=\/wp\/v2\/posts\/144444\/revisions"}],"wp:featuredmedia":[{"embeddable":true,"href":"https:\/\/archive.sana.sy\/es\/index.php?rest_route=\/wp\/v2\/media\/144446"}],"wp:attachment":[{"href":"https:\/\/archive.sana.sy\/es\/index.php?rest_route=%2Fwp%2Fv2%2Fmedia&parent=144444"}],"wp:term":[{"taxonomy":"category","embeddable":true,"href":"https:\/\/archive.sana.sy\/es\/index.php?rest_route=%2Fwp%2Fv2%2Fcategories&post=144444"},{"taxonomy":"post_tag","embeddable":true,"href":"https:\/\/archive.sana.sy\/es\/index.php?rest_route=%2Fwp%2Fv2%2Ftags&post=144444"}],"curies":[{"name":"wp","href":"https:\/\/api.w.org\/{rel}","templated":true}]}}