{"id":144461,"date":"2020-06-28T17:42:52","date_gmt":"2020-06-28T14:42:52","guid":{"rendered":"http:\/\/sana.sy\/es\/?p=144461"},"modified":"2023-01-09T14:08:21","modified_gmt":"2023-01-09T12:08:21","slug":"un-herido-por-estallido-de-una-carga-explosiva-en-la-provincia-de-deraa","status":"publish","type":"post","link":"https:\/\/archive.sana.sy\/es\/?p=144461","title":{"rendered":"Un herido por estallido de una carga explosiva en la provincia de Deraa"},"content":{"rendered":"<p style=\"text-align: justify;\"><strong><span style=\"color: #800000;\">Deraa, SANA<\/span><\/strong><\/p>\n<p style=\"text-align: justify;\">Un civil result\u00f3 herido por el estallido de una bomba sembrada por terroristas en su autom\u00f3vil en la ciudad de Taiba, a unos 12 kil\u00f3metros al sureste de la ciudad de Deraa, en el sur del pa\u00eds.<\/p>\n<p style=\"text-align: justify;\">El corresponsal de SANA en Deraa inform\u00f3 que el dispositivo explosivo estall\u00f3 en el coche del director de una escuela y fue ingresado en el Hospital Nacional de Deraa<\/p>\n<p style=\"text-align: justify;\">El 25 de este mes, un ni\u00f1o result\u00f3 herido como resultado de la explosi\u00f3n de una mina remanentes de los terroristas en Deraa.<\/p>\n<p style=\"text-align: justify;\"><strong><span style=\"color: #0000ff;\">E.D\/ F.M<\/span><\/strong><\/p>\n","protected":false},"excerpt":{"rendered":"<p>Deraa, SANA Un civil result\u00f3 herido por el estallido de una bomba sembrada por terroristas en su autom\u00f3vil en la ciudad de Taiba, a unos 12 kil\u00f3metros al sureste de la ciudad de Deraa, en el sur del pa\u00eds. El corresponsal de SANA en Deraa inform\u00f3 que el dispositivo explosivo estall\u00f3 en el coche del &hellip;<\/p>\n","protected":false},"author":32,"featured_media":144462,"comment_status":"closed","ping_status":"closed","sticky":false,"template":"","format":"standard","meta":{"footnotes":""},"categories":[477,597,573,476],"tags":[17983],"class_list":["post-144461","post","type-post","status-publish","format-standard","has-post-thumbnail","","category-noticias-edulcorantes","category-cinta-de-noticias","category-la-realidad-de-los-acontecimientos-en-siria","category-locales","tag-un-herido-por-estallido-de-una-carga-explosiva-en-la-provincia-de-deraa"],"_links":{"self":[{"href":"https:\/\/archive.sana.sy\/es\/index.php?rest_route=\/wp\/v2\/posts\/144461"}],"collection":[{"href":"https:\/\/archive.sana.sy\/es\/index.php?rest_route=\/wp\/v2\/posts"}],"about":[{"href":"https:\/\/archive.sana.sy\/es\/index.php?rest_route=\/wp\/v2\/types\/post"}],"author":[{"embeddable":true,"href":"https:\/\/archive.sana.sy\/es\/index.php?rest_route=\/wp\/v2\/users\/32"}],"replies":[{"embeddable":true,"href":"https:\/\/archive.sana.sy\/es\/index.php?rest_route=%2Fwp%2Fv2%2Fcomments&post=144461"}],"version-history":[{"count":0,"href":"https:\/\/archive.sana.sy\/es\/index.php?rest_route=\/wp\/v2\/posts\/144461\/revisions"}],"wp:featuredmedia":[{"embeddable":true,"href":"https:\/\/archive.sana.sy\/es\/index.php?rest_route=\/wp\/v2\/media\/144462"}],"wp:attachment":[{"href":"https:\/\/archive.sana.sy\/es\/index.php?rest_route=%2Fwp%2Fv2%2Fmedia&parent=144461"}],"wp:term":[{"taxonomy":"category","embeddable":true,"href":"https:\/\/archive.sana.sy\/es\/index.php?rest_route=%2Fwp%2Fv2%2Fcategories&post=144461"},{"taxonomy":"post_tag","embeddable":true,"href":"https:\/\/archive.sana.sy\/es\/index.php?rest_route=%2Fwp%2Fv2%2Ftags&post=144461"}],"curies":[{"name":"wp","href":"https:\/\/api.w.org\/{rel}","templated":true}]}}