{"id":144464,"date":"2020-06-28T22:13:30","date_gmt":"2020-06-28T19:13:30","guid":{"rendered":"http:\/\/sana.sy\/es\/?p=144464"},"modified":"2020-06-29T20:50:02","modified_gmt":"2020-06-29T17:50:02","slug":"siria-aprecia-postura-honrosa-de-mauritania-en-apoyo-a-siria","status":"publish","type":"post","link":"https:\/\/archive.sana.sy\/es\/?p=144464","title":{"rendered":"Mekdad aprecia postura honorable de Mauritania en apoyo a Siria"},"content":{"rendered":"<p style=\"text-align: justify;\"><strong><span style=\"color: #800000;\">Damasco. SANA<\/span><\/strong><\/p>\n<p style=\"text-align: justify;\">El Ministerio de Exteriores y Expatriados organiz\u00f3 hoy una ceremonia de despedida al Embajador de Mauritania, Ely Ould Ahmedou, con motivo del t\u00e9rmino de su misi\u00f3n como embajador de su pa\u00eds ante la Rep\u00fablica \u00c1rabe Siria.<\/p>\n<p style=\"text-align: justify;\">Durante la ceremonia, el embajador mauritano fue condecorado con la Orden de M\u00e9rito de primer grado.<\/p>\n<p style=\"text-align: justify;\">En un discurso pronunciado, el viceministro de Exteriores, Faisal Mekdad, alab\u00f3 la postura mauritana en apoyo a Siria frente a la guerra terrorista desatada en su contra.<\/p>\n<p style=\"text-align: justify;\">Resalt\u00f3 los esfuerzos del embajador mauritano durante su estancia en Siria, en la consolidaci\u00f3n de las relaciones entre Siria y su pa\u00eds.<\/p>\n<p style=\"text-align: justify;\">Por su parte, el embajador Ould Ahmedou dijo que \u201ctrabaj\u00f3 por consolidar las relaciones sirias-mauritanas mediante la firma durante su misi\u00f3n de ocho acuerdos y memor\u00e1ndums de entendimiento para desarrollar las relaciones bilaterales en todos los \u00e1mbitos\u201d.<\/p>\n<p style=\"text-align: justify;\"><strong><span style=\"color: #0000ff;\">Y.K.\/ F. M.\/ A. H.<\/span><\/strong><\/p>\n","protected":false},"excerpt":{"rendered":"<p>Damasco. SANA El Ministerio de Exteriores y Expatriados organiz\u00f3 hoy una ceremonia de despedida al Embajador de Mauritania, Ely Ould Ahmedou, con motivo del t\u00e9rmino de su misi\u00f3n como embajador de su pa\u00eds ante la Rep\u00fablica \u00c1rabe Siria. Durante la ceremonia, el embajador mauritano fue condecorado con la Orden de M\u00e9rito de primer grado. En &hellip;<\/p>\n","protected":false},"author":1,"featured_media":144465,"comment_status":"closed","ping_status":"closed","sticky":false,"template":"","format":"standard","meta":{"footnotes":""},"categories":[597,476,7541],"tags":[],"class_list":["post-144464","post","type-post","status-publish","format-standard","has-post-thumbnail","","category-cinta-de-noticias","category-locales","category-ultimas-noticias"],"_links":{"self":[{"href":"https:\/\/archive.sana.sy\/es\/index.php?rest_route=\/wp\/v2\/posts\/144464"}],"collection":[{"href":"https:\/\/archive.sana.sy\/es\/index.php?rest_route=\/wp\/v2\/posts"}],"about":[{"href":"https:\/\/archive.sana.sy\/es\/index.php?rest_route=\/wp\/v2\/types\/post"}],"author":[{"embeddable":true,"href":"https:\/\/archive.sana.sy\/es\/index.php?rest_route=\/wp\/v2\/users\/1"}],"replies":[{"embeddable":true,"href":"https:\/\/archive.sana.sy\/es\/index.php?rest_route=%2Fwp%2Fv2%2Fcomments&post=144464"}],"version-history":[{"count":0,"href":"https:\/\/archive.sana.sy\/es\/index.php?rest_route=\/wp\/v2\/posts\/144464\/revisions"}],"wp:featuredmedia":[{"embeddable":true,"href":"https:\/\/archive.sana.sy\/es\/index.php?rest_route=\/wp\/v2\/media\/144465"}],"wp:attachment":[{"href":"https:\/\/archive.sana.sy\/es\/index.php?rest_route=%2Fwp%2Fv2%2Fmedia&parent=144464"}],"wp:term":[{"taxonomy":"category","embeddable":true,"href":"https:\/\/archive.sana.sy\/es\/index.php?rest_route=%2Fwp%2Fv2%2Fcategories&post=144464"},{"taxonomy":"post_tag","embeddable":true,"href":"https:\/\/archive.sana.sy\/es\/index.php?rest_route=%2Fwp%2Fv2%2Ftags&post=144464"}],"curies":[{"name":"wp","href":"https:\/\/api.w.org\/{rel}","templated":true}]}}