{"id":144471,"date":"2020-06-28T20:39:40","date_gmt":"2020-06-28T17:39:40","guid":{"rendered":"http:\/\/sana.sy\/es\/?p=144471"},"modified":"2020-06-28T20:39:40","modified_gmt":"2020-06-28T17:39:40","slug":"la-firmeza-de-siria-protegio-la-region-del-terrorismo-afirma-consejo-jordano-de-politica-popular","status":"publish","type":"post","link":"https:\/\/archive.sana.sy\/es\/?p=144471","title":{"rendered":"La firmeza de Siria protegi\u00f3 la regi\u00f3n del terrorismo, afirma Consejo Jordano de Pol\u00edtica Popular"},"content":{"rendered":"<p style=\"text-align: justify;\"><strong><span style=\"color: #800000;\">Amman, SANA<\/span><\/strong><\/p>\n<p style=\"text-align: justify;\">El Consejo de Pol\u00edtica Popular de Jordania afirm\u00f3 que Siria, con la firmeza y los sacrificios de su pueblo y su ej\u00e9rcito, protegi\u00f3 a toda la regi\u00f3n, incluida Jordania, del terrorismo y de su expansi\u00f3n y sus cr\u00edmenes.<\/p>\n<p style=\"text-align: justify;\">&#8220;Lo que vive Siria hoy afecta a Jordania en el fondo&#8221;, afirm\u00f3 el presidente del Consejo, el General de Brigada retirado, Sami al-Majali, durante su reuni\u00f3n con el encargado de negocios de la embajada siria en Amm\u00e1n, Shafiq Dayoub.<\/p>\n<p style=\"text-align: justify;\">Los miembros de la delegaci\u00f3n jordana alabaron la firmeza de Siria y afirmaron su apoyo a ella ante la guerra injusta que enfrenta.<\/p>\n<p style=\"text-align: justify;\">Indicaron que la llamada &#8220;Ley C\u00e9sar&#8221; impuesta a Siria revela la verdadera cara aborrecible de Estados Unidos.<\/p>\n<p style=\"text-align: justify;\">A su vez, Dayoub hizo una presentaci\u00f3n de los \u00faltimos acontecimientos en Siria, e indic\u00f3 que el gobierno sirio tom\u00f3 las medidas apropiadas para poner coto a los efectos de esta ley injusta contra el pueblo sirio y se est\u00e1 comunicando con sus amigos y aliados para trabajar con el mismo prop\u00f3sito.<\/p>\n<p style=\"text-align: justify;\">Subray\u00f3 que cualquier mejora en las relaciones entre Amman y Damasco sirve a los intereses de los dos pa\u00edses y de los dos pueblos hermanos.<\/p>\n<p style=\"text-align: justify;\">En una declaraci\u00f3n al corresponsal de SANA en Amm\u00e1n despu\u00e9s de la reuni\u00f3n, Majali explic\u00f3 que la visita a la Embajada de Siria tiene como objetivo expresar una vez m\u00e1s la solidaridad con el pueblo sirio frente a la &#8220;Ley C\u00e9sar&#8221;.<\/p>\n<p style=\"text-align: justify;\"><span style=\"color: #0000ff;\"><strong>A. H.\/ F. M.<\/strong><\/span><\/p>\n","protected":false},"excerpt":{"rendered":"<p>Amman, SANA El Consejo de Pol\u00edtica Popular de Jordania afirm\u00f3 que Siria, con la firmeza y los sacrificios de su pueblo y su ej\u00e9rcito, protegi\u00f3 a toda la regi\u00f3n, incluida Jordania, del terrorismo y de su expansi\u00f3n y sus cr\u00edmenes. &#8220;Lo que vive Siria hoy afecta a Jordania en el fondo&#8221;, afirm\u00f3 el presidente del &hellip;<\/p>\n","protected":false},"author":30,"featured_media":144475,"comment_status":"closed","ping_status":"closed","sticky":false,"template":"","format":"standard","meta":{"footnotes":""},"categories":[597,467,7541],"tags":[17985,17984],"class_list":["post-144471","post","type-post","status-publish","format-standard","has-post-thumbnail","","category-cinta-de-noticias","category-siria-y-el-mundo","category-ultimas-noticias","tag-afirma-consejo-jordano-de-politica-popular","tag-la-firmeza-de-siria-protegio-la-region-del-terrorismo"],"_links":{"self":[{"href":"https:\/\/archive.sana.sy\/es\/index.php?rest_route=\/wp\/v2\/posts\/144471"}],"collection":[{"href":"https:\/\/archive.sana.sy\/es\/index.php?rest_route=\/wp\/v2\/posts"}],"about":[{"href":"https:\/\/archive.sana.sy\/es\/index.php?rest_route=\/wp\/v2\/types\/post"}],"author":[{"embeddable":true,"href":"https:\/\/archive.sana.sy\/es\/index.php?rest_route=\/wp\/v2\/users\/30"}],"replies":[{"embeddable":true,"href":"https:\/\/archive.sana.sy\/es\/index.php?rest_route=%2Fwp%2Fv2%2Fcomments&post=144471"}],"version-history":[{"count":0,"href":"https:\/\/archive.sana.sy\/es\/index.php?rest_route=\/wp\/v2\/posts\/144471\/revisions"}],"wp:featuredmedia":[{"embeddable":true,"href":"https:\/\/archive.sana.sy\/es\/index.php?rest_route=\/wp\/v2\/media\/144475"}],"wp:attachment":[{"href":"https:\/\/archive.sana.sy\/es\/index.php?rest_route=%2Fwp%2Fv2%2Fmedia&parent=144471"}],"wp:term":[{"taxonomy":"category","embeddable":true,"href":"https:\/\/archive.sana.sy\/es\/index.php?rest_route=%2Fwp%2Fv2%2Fcategories&post=144471"},{"taxonomy":"post_tag","embeddable":true,"href":"https:\/\/archive.sana.sy\/es\/index.php?rest_route=%2Fwp%2Fv2%2Ftags&post=144471"}],"curies":[{"name":"wp","href":"https:\/\/api.w.org\/{rel}","templated":true}]}}