{"id":144478,"date":"2020-06-28T21:12:43","date_gmt":"2020-06-28T18:12:43","guid":{"rendered":"http:\/\/sana.sy\/es\/?p=144478"},"modified":"2020-06-28T21:12:43","modified_gmt":"2020-06-28T18:12:43","slug":"parlamentario-belga-insta-la-ue-a-responsabilizar-al-israel-de-los-crimenes-contra-el-pueblo-palestino","status":"publish","type":"post","link":"https:\/\/archive.sana.sy\/es\/?p=144478","title":{"rendered":"Parlamentario belga insta la UE a responsabilizar al Israel de los cr\u00edmenes contra el pueblo palestino"},"content":{"rendered":"<p style=\"text-align: justify;\"><span style=\"color: #800000;\"><strong>Bruselas, SANA<\/strong><\/span><\/p>\n<p style=\"text-align: justify;\">Nabil Boukili, miembro del Partido Obrero en el Parlamento Federal belga, dijo que los planes de ocupaci\u00f3n israel\u00edes para anexionar partes de Cisjordania constituyen una violaci\u00f3n flagrante al Derecho Internacional.<\/p>\n<p style=\"text-align: justify;\">Inst\u00f3 a la Uni\u00f3n Europea para responsabilizar a la ocupaci\u00f3n de sus cr\u00edmenes contra los palestinos.<\/p>\n<p style=\"text-align: justify;\">El plan de anexi\u00f3n &#8220;exacerba las tensiones en toda la regi\u00f3n y corta el camino hacia una soluci\u00f3n de dos Estados&#8221;, declar\u00f3 Boukeli a la prensa.<\/p>\n<p style=\"text-align: justify;\">Subray\u00f3 la necesidad de adoptar una postura para enfrentar las repetidas violaciones del derecho internacional por parte de la ocupaci\u00f3n israel\u00ed.<\/p>\n<p style=\"text-align: justify;\">\u201cLa Uni\u00f3n Europea tiene los instrumentos para responsabilizar a la ocupaci\u00f3n israel\u00ed de sus violaciones y cr\u00edmenes\u201d, a\u00f1adi\u00f3.<\/p>\n<p style=\"text-align: justify;\"><span style=\"color: #0000ff;\"><strong>A. H.\/ F. M.<\/strong><\/span><\/p>\n","protected":false},"excerpt":{"rendered":"<p>Bruselas, SANA Nabil Boukili, miembro del Partido Obrero en el Parlamento Federal belga, dijo que los planes de ocupaci\u00f3n israel\u00edes para anexionar partes de Cisjordania constituyen una violaci\u00f3n flagrante al Derecho Internacional. Inst\u00f3 a la Uni\u00f3n Europea para responsabilizar a la ocupaci\u00f3n de sus cr\u00edmenes contra los palestinos. El plan de anexi\u00f3n &#8220;exacerba las tensiones &hellip;<\/p>\n","protected":false},"author":30,"featured_media":144480,"comment_status":"closed","ping_status":"closed","sticky":false,"template":"","format":"standard","meta":{"footnotes":""},"categories":[597,467],"tags":[17987],"class_list":["post-144478","post","type-post","status-publish","format-standard","has-post-thumbnail","","category-cinta-de-noticias","category-siria-y-el-mundo","tag-parlamentario-belga-insta-la-ue-a-responsabilizar-al-israel-de-los-crimenes-contra-el-pueblo-palestino"],"_links":{"self":[{"href":"https:\/\/archive.sana.sy\/es\/index.php?rest_route=\/wp\/v2\/posts\/144478"}],"collection":[{"href":"https:\/\/archive.sana.sy\/es\/index.php?rest_route=\/wp\/v2\/posts"}],"about":[{"href":"https:\/\/archive.sana.sy\/es\/index.php?rest_route=\/wp\/v2\/types\/post"}],"author":[{"embeddable":true,"href":"https:\/\/archive.sana.sy\/es\/index.php?rest_route=\/wp\/v2\/users\/30"}],"replies":[{"embeddable":true,"href":"https:\/\/archive.sana.sy\/es\/index.php?rest_route=%2Fwp%2Fv2%2Fcomments&post=144478"}],"version-history":[{"count":0,"href":"https:\/\/archive.sana.sy\/es\/index.php?rest_route=\/wp\/v2\/posts\/144478\/revisions"}],"wp:featuredmedia":[{"embeddable":true,"href":"https:\/\/archive.sana.sy\/es\/index.php?rest_route=\/wp\/v2\/media\/144480"}],"wp:attachment":[{"href":"https:\/\/archive.sana.sy\/es\/index.php?rest_route=%2Fwp%2Fv2%2Fmedia&parent=144478"}],"wp:term":[{"taxonomy":"category","embeddable":true,"href":"https:\/\/archive.sana.sy\/es\/index.php?rest_route=%2Fwp%2Fv2%2Fcategories&post=144478"},{"taxonomy":"post_tag","embeddable":true,"href":"https:\/\/archive.sana.sy\/es\/index.php?rest_route=%2Fwp%2Fv2%2Ftags&post=144478"}],"curies":[{"name":"wp","href":"https:\/\/api.w.org\/{rel}","templated":true}]}}