{"id":144483,"date":"2020-06-28T22:16:10","date_gmt":"2020-06-28T19:16:10","guid":{"rendered":"http:\/\/sana.sy\/es\/?p=144483"},"modified":"2020-06-28T22:21:02","modified_gmt":"2020-06-28T19:21:02","slug":"mercenarios-del-regimen-turco-roban-antiguedades-en-afrin","status":"publish","type":"post","link":"https:\/\/archive.sana.sy\/es\/?p=144483","title":{"rendered":"Mercenarios del r\u00e9gimen turco roban antig\u00fcedades en Afr\u00edn, en el norte de Alepo"},"content":{"rendered":"<p style=\"text-align: justify;\"><span style=\"color: #800000;\"><strong>Alepo, SANA<\/strong><\/span><\/p>\n<p style=\"text-align: justify;\">Los mercenarios del ocupante turco contin\u00faan sus pr\u00e1cticas criminales organizadas contra el patrimonio nacional, y procedieron a realizar, bajo supervisi\u00f3n de la inteligencia turca, excavaciones en la ocupada ciudad de Afrin, en b\u00fasqueda de antig\u00fcedades.<\/p>\n<p style=\"text-align: justify;\">Fuentes locales informaron que los terroristas de los autoproclamados \u201cAhrar Sharquieh\u201d, apoyados por las fuerzas de ocupaci\u00f3n turcas, iniciaron operaciones de excavaci\u00f3n al este del poblado de Kura, en la regi\u00f3n de Ras Ain, en b\u00fasqueda de antig\u00fcedades.<\/p>\n<p style=\"text-align: justify;\">\u201cLos mercenarios utilizan equipamientos sofisticados que se les suministraron las fuerzas turcas, y estas \u00faltimas supervisan las operaciones de excavaci\u00f3n\u201d, explicaron las fuentes.<\/p>\n<p style=\"text-align: justify;\">Se\u00f1alaron que los terroristas cortaron los \u00e1rboles en la zona para facilitar la excavaci\u00f3n.<\/p>\n<p style=\"text-align: justify;\">\u201cLas operaciones de excavaci\u00f3n y el robo de antig\u00fcedades en Afr\u00edn se lleva a cabo de forma sistem\u00e1tica y est\u00e1n dirigidas por la inteligencia turca\u201d, detallaron.<\/p>\n<p style=\"text-align: justify;\">Las fuentes agregaron que las fuerzas de ocupaci\u00f3n turcas instruyen a sus mercenarios a buscar antig\u00fcedades con el fin de venderlas a negociantes turcos por un precio bajo.<\/p>\n<p style=\"text-align: justify;\"><span style=\"color: #0000ff;\"><strong>Y.K.\/ F. M.\/ A. H.<\/strong><\/span><\/p>\n","protected":false},"excerpt":{"rendered":"<p>Alepo, SANA Los mercenarios del ocupante turco contin\u00faan sus pr\u00e1cticas criminales organizadas contra el patrimonio nacional, y procedieron a realizar, bajo supervisi\u00f3n de la inteligencia turca, excavaciones en la ocupada ciudad de Afrin, en b\u00fasqueda de antig\u00fcedades. Fuentes locales informaron que los terroristas de los autoproclamados \u201cAhrar Sharquieh\u201d, apoyados por las fuerzas de ocupaci\u00f3n turcas, &hellip;<\/p>\n","protected":false},"author":1,"featured_media":144515,"comment_status":"closed","ping_status":"closed","sticky":false,"template":"","format":"standard","meta":{"footnotes":""},"categories":[597,573,7541],"tags":[17990,17989],"class_list":["post-144483","post","type-post","status-publish","format-standard","has-post-thumbnail","","category-cinta-de-noticias","category-la-realidad-de-los-acontecimientos-en-siria","category-ultimas-noticias","tag-en-el-norte-de-alepo","tag-mercenarios-del-regimen-turco-roban-antiguedades-en-afrin"],"_links":{"self":[{"href":"https:\/\/archive.sana.sy\/es\/index.php?rest_route=\/wp\/v2\/posts\/144483"}],"collection":[{"href":"https:\/\/archive.sana.sy\/es\/index.php?rest_route=\/wp\/v2\/posts"}],"about":[{"href":"https:\/\/archive.sana.sy\/es\/index.php?rest_route=\/wp\/v2\/types\/post"}],"author":[{"embeddable":true,"href":"https:\/\/archive.sana.sy\/es\/index.php?rest_route=\/wp\/v2\/users\/1"}],"replies":[{"embeddable":true,"href":"https:\/\/archive.sana.sy\/es\/index.php?rest_route=%2Fwp%2Fv2%2Fcomments&post=144483"}],"version-history":[{"count":0,"href":"https:\/\/archive.sana.sy\/es\/index.php?rest_route=\/wp\/v2\/posts\/144483\/revisions"}],"wp:featuredmedia":[{"embeddable":true,"href":"https:\/\/archive.sana.sy\/es\/index.php?rest_route=\/wp\/v2\/media\/144515"}],"wp:attachment":[{"href":"https:\/\/archive.sana.sy\/es\/index.php?rest_route=%2Fwp%2Fv2%2Fmedia&parent=144483"}],"wp:term":[{"taxonomy":"category","embeddable":true,"href":"https:\/\/archive.sana.sy\/es\/index.php?rest_route=%2Fwp%2Fv2%2Fcategories&post=144483"},{"taxonomy":"post_tag","embeddable":true,"href":"https:\/\/archive.sana.sy\/es\/index.php?rest_route=%2Fwp%2Fv2%2Ftags&post=144483"}],"curies":[{"name":"wp","href":"https:\/\/api.w.org\/{rel}","templated":true}]}}