{"id":144533,"date":"2020-06-29T12:00:18","date_gmt":"2020-06-29T09:00:18","guid":{"rendered":"http:\/\/sana.sy\/es\/?p=144533"},"modified":"2020-06-29T12:00:18","modified_gmt":"2020-06-29T09:00:18","slug":"corresponsal-de-sana-protestas-en-la-localidad-de-granig-en-el-este-de-la-provincia-oriental-de-deir-ezzor-contra-las-practicas-de-la-autodenominada-milicia-fuerzas-democraticas-de-siria-fds-resp","status":"publish","type":"post","link":"https:\/\/archive.sana.sy\/es\/?p=144533","title":{"rendered":"Corresponsal de SANA: protestas en la localidad de Granig, en el este de la provincia oriental de Deir Ezzor, contra las pr\u00e1cticas de la autodenominada milicia Fuerzas Democr\u00e1ticas de Siria (FDS) respaldada por el ocupante estadounidense. Los manifestantes exigieron la liberaci\u00f3n de los ciudadanos detenidos por esa milicia."},"content":{"rendered":"","protected":false},"excerpt":{"rendered":"","protected":false},"author":34,"featured_media":0,"comment_status":"closed","ping_status":"closed","sticky":false,"template":"","format":"standard","meta":{"footnotes":""},"categories":[596],"tags":[],"class_list":["post-144533","post","type-post","status-publish","format-standard","","category-urgente"],"_links":{"self":[{"href":"https:\/\/archive.sana.sy\/es\/index.php?rest_route=\/wp\/v2\/posts\/144533"}],"collection":[{"href":"https:\/\/archive.sana.sy\/es\/index.php?rest_route=\/wp\/v2\/posts"}],"about":[{"href":"https:\/\/archive.sana.sy\/es\/index.php?rest_route=\/wp\/v2\/types\/post"}],"author":[{"embeddable":true,"href":"https:\/\/archive.sana.sy\/es\/index.php?rest_route=\/wp\/v2\/users\/34"}],"replies":[{"embeddable":true,"href":"https:\/\/archive.sana.sy\/es\/index.php?rest_route=%2Fwp%2Fv2%2Fcomments&post=144533"}],"version-history":[{"count":0,"href":"https:\/\/archive.sana.sy\/es\/index.php?rest_route=\/wp\/v2\/posts\/144533\/revisions"}],"wp:attachment":[{"href":"https:\/\/archive.sana.sy\/es\/index.php?rest_route=%2Fwp%2Fv2%2Fmedia&parent=144533"}],"wp:term":[{"taxonomy":"category","embeddable":true,"href":"https:\/\/archive.sana.sy\/es\/index.php?rest_route=%2Fwp%2Fv2%2Fcategories&post=144533"},{"taxonomy":"post_tag","embeddable":true,"href":"https:\/\/archive.sana.sy\/es\/index.php?rest_route=%2Fwp%2Fv2%2Ftags&post=144533"}],"curies":[{"name":"wp","href":"https:\/\/api.w.org\/{rel}","templated":true}]}}