{"id":144552,"date":"2020-06-29T10:50:46","date_gmt":"2020-06-29T07:50:46","guid":{"rendered":"http:\/\/sana.sy\/es\/?p=144552"},"modified":"2023-01-12T14:43:58","modified_gmt":"2023-01-12T12:43:58","slug":"fuerzas-de-ocupacion-israelies-allanan-en-el-sur-de-la-franja-de-gaza","status":"publish","type":"post","link":"https:\/\/archive.sana.sy\/es\/?p=144552","title":{"rendered":"Fuerzas de ocupaci\u00f3n israel\u00edes allanan en el sur de la Franja de Gaza"},"content":{"rendered":"<p style=\"text-align: justify;\"><span style=\"color: #800000;\">Jerusal\u00e9n ocupada, SANA<\/span><\/p>\n<p style=\"text-align: justify;\">Las fuerzas de ocupaci\u00f3n israel\u00edes asaltaron el sur de la sitiada Franja de Gaza y arrasaron a las tierras agr\u00edcolas de los palestinos.<\/p>\n<p style=\"text-align: justify;\">Seg\u00fan medios palestinos, las tropas sionistas apoyadas por veh\u00edculos militares, irrumpieron en Rafah, y excavaron las tierras palestinas.<\/p>\n<p style=\"text-align: justify;\">Esta pr\u00e1ctica se ha convertido en diaria de las fuerzas de ocupaci\u00f3n israel\u00edes que arrasan las tierras de los palestinos para evitar que cultiven las tierras y privarles de sus ingresos.<\/p>\n<p style=\"text-align: justify;\">En la ocupada Cisjordania, las tropas sionistas arrestaron a 10 palestinos.<\/p>\n<p style=\"text-align: justify;\"><span style=\"color: #0000ff;\"><strong>E.D\/ F.M<\/strong><\/span><\/p>\n","protected":false},"excerpt":{"rendered":"<p>Jerusal\u00e9n ocupada, SANA Las fuerzas de ocupaci\u00f3n israel\u00edes asaltaron el sur de la sitiada Franja de Gaza y arrasaron a las tierras agr\u00edcolas de los palestinos. Seg\u00fan medios palestinos, las tropas sionistas apoyadas por veh\u00edculos militares, irrumpieron en Rafah, y excavaron las tierras palestinas. Esta pr\u00e1ctica se ha convertido en diaria de las fuerzas de &hellip;<\/p>\n","protected":false},"author":32,"featured_media":144553,"comment_status":"closed","ping_status":"closed","sticky":false,"template":"","format":"standard","meta":{"footnotes":""},"categories":[456,7541],"tags":[17995],"class_list":["post-144552","post","type-post","status-publish","format-standard","has-post-thumbnail","","category-arabe-internacional-politica","category-ultimas-noticias","tag-fuerzas-de-ocupacion-israelies-allanan-en-el-sur-de-la-franja-de-gaza"],"_links":{"self":[{"href":"https:\/\/archive.sana.sy\/es\/index.php?rest_route=\/wp\/v2\/posts\/144552"}],"collection":[{"href":"https:\/\/archive.sana.sy\/es\/index.php?rest_route=\/wp\/v2\/posts"}],"about":[{"href":"https:\/\/archive.sana.sy\/es\/index.php?rest_route=\/wp\/v2\/types\/post"}],"author":[{"embeddable":true,"href":"https:\/\/archive.sana.sy\/es\/index.php?rest_route=\/wp\/v2\/users\/32"}],"replies":[{"embeddable":true,"href":"https:\/\/archive.sana.sy\/es\/index.php?rest_route=%2Fwp%2Fv2%2Fcomments&post=144552"}],"version-history":[{"count":0,"href":"https:\/\/archive.sana.sy\/es\/index.php?rest_route=\/wp\/v2\/posts\/144552\/revisions"}],"wp:featuredmedia":[{"embeddable":true,"href":"https:\/\/archive.sana.sy\/es\/index.php?rest_route=\/wp\/v2\/media\/144553"}],"wp:attachment":[{"href":"https:\/\/archive.sana.sy\/es\/index.php?rest_route=%2Fwp%2Fv2%2Fmedia&parent=144552"}],"wp:term":[{"taxonomy":"category","embeddable":true,"href":"https:\/\/archive.sana.sy\/es\/index.php?rest_route=%2Fwp%2Fv2%2Fcategories&post=144552"},{"taxonomy":"post_tag","embeddable":true,"href":"https:\/\/archive.sana.sy\/es\/index.php?rest_route=%2Fwp%2Fv2%2Ftags&post=144552"}],"curies":[{"name":"wp","href":"https:\/\/api.w.org\/{rel}","templated":true}]}}