{"id":144782,"date":"2020-07-01T12:02:05","date_gmt":"2020-07-01T09:02:05","guid":{"rendered":"http:\/\/sana.sy\/es\/?p=144782"},"modified":"2020-07-01T12:04:48","modified_gmt":"2020-07-01T09:04:48","slug":"fuerzas-estadounidenses-trasladan-a-21-miembros-de-la-organizacion-terrorista-daesh-a-iraq","status":"publish","type":"post","link":"https:\/\/archive.sana.sy\/es\/?p=144782","title":{"rendered":"Fuerzas estadounidenses trasladan a 21 miembros de la organizaci\u00f3n terrorista \u201cDaesh\u201d a Iraq"},"content":{"rendered":"<p><span style=\"color: #800000;\"><strong>Hasakeh, SANA <\/strong><\/span><\/p>\n<p>Las fuerzas de ocupaci\u00f3n estadounidenses trasladaron hoy, a varios prisioneros de la organizaci\u00f3n terrorista &#8220;Daesh\u201d de la ciudad de Malikiyah en provincia siria de Hasakeh a Iraq.<\/p>\n<p>Fuentes civiles indicaron que \u201cse traslad\u00f3 a 21 detenidos extremistas del Daesh, incluida una mujer, de su base ilegal en el aeropuerto de Kharab al-Jeer en las cercan\u00edas de Malikiyah a Iraq\u201d.<\/p>\n<p>Se\u00f1alaron que los referidos prisioneros estaban encarcelados en la Escuela Secundaria Industrial, convertida en una prisi\u00f3n por la milicia Fuerzas Democr\u00e1ticas de Siria (FDS).<\/p>\n<p><span style=\"color: #0000ff;\"><strong>W.S \/ F.M\u00a0<\/strong><\/span><\/p>\n","protected":false},"excerpt":{"rendered":"<p>Hasakeh, SANA Las fuerzas de ocupaci\u00f3n estadounidenses trasladaron hoy, a varios prisioneros de la organizaci\u00f3n terrorista &#8220;Daesh\u201d de la ciudad de Malikiyah en provincia siria de Hasakeh a Iraq. Fuentes civiles indicaron que \u201cse traslad\u00f3 a 21 detenidos extremistas del Daesh, incluida una mujer, de su base ilegal en el aeropuerto de Kharab al-Jeer en &hellip;<\/p>\n","protected":false},"author":35,"featured_media":144786,"comment_status":"closed","ping_status":"closed","sticky":false,"template":"","format":"standard","meta":{"footnotes":""},"categories":[477,597,476,7541],"tags":[],"class_list":["post-144782","post","type-post","status-publish","format-standard","has-post-thumbnail","","category-noticias-edulcorantes","category-cinta-de-noticias","category-locales","category-ultimas-noticias"],"_links":{"self":[{"href":"https:\/\/archive.sana.sy\/es\/index.php?rest_route=\/wp\/v2\/posts\/144782"}],"collection":[{"href":"https:\/\/archive.sana.sy\/es\/index.php?rest_route=\/wp\/v2\/posts"}],"about":[{"href":"https:\/\/archive.sana.sy\/es\/index.php?rest_route=\/wp\/v2\/types\/post"}],"author":[{"embeddable":true,"href":"https:\/\/archive.sana.sy\/es\/index.php?rest_route=\/wp\/v2\/users\/35"}],"replies":[{"embeddable":true,"href":"https:\/\/archive.sana.sy\/es\/index.php?rest_route=%2Fwp%2Fv2%2Fcomments&post=144782"}],"version-history":[{"count":0,"href":"https:\/\/archive.sana.sy\/es\/index.php?rest_route=\/wp\/v2\/posts\/144782\/revisions"}],"wp:featuredmedia":[{"embeddable":true,"href":"https:\/\/archive.sana.sy\/es\/index.php?rest_route=\/wp\/v2\/media\/144786"}],"wp:attachment":[{"href":"https:\/\/archive.sana.sy\/es\/index.php?rest_route=%2Fwp%2Fv2%2Fmedia&parent=144782"}],"wp:term":[{"taxonomy":"category","embeddable":true,"href":"https:\/\/archive.sana.sy\/es\/index.php?rest_route=%2Fwp%2Fv2%2Fcategories&post=144782"},{"taxonomy":"post_tag","embeddable":true,"href":"https:\/\/archive.sana.sy\/es\/index.php?rest_route=%2Fwp%2Fv2%2Ftags&post=144782"}],"curies":[{"name":"wp","href":"https:\/\/api.w.org\/{rel}","templated":true}]}}