{"id":145309,"date":"2020-07-05T21:37:15","date_gmt":"2020-07-05T18:37:15","guid":{"rendered":"http:\/\/sana.sy\/es\/?p=145309"},"modified":"2020-07-05T21:49:55","modified_gmt":"2020-07-05T18:49:55","slug":"el-ocupante-turco-priva-a-un-millon-de-sirios-del-agua-potable","status":"publish","type":"post","link":"https:\/\/archive.sana.sy\/es\/?p=145309","title":{"rendered":"El ocupante turco priva a un mill\u00f3n de sirios del agua potable"},"content":{"rendered":"<p style=\"text-align: justify;\"><span style=\"color: #800000;\"><strong>Hasakeh, SANA<\/strong><\/span><\/p>\n<p>Las fuerzas de ocupaci\u00f3n turcas interrumpieron el bombeo del agua potable de la planta Aluk que alimenta a un mill\u00f3n de personas en la provincia de Hasakeh, ubicada a 866 kil\u00f3metros al nordeste de la capital Damasco.<\/p>\n<p>\u201cCortar el agua coincide con las altas temperaturas del verano lo cual agrav\u00f3 la sede en la provincia\u201d, dijo el director de la Empresa de Agua, Mahmoud Al-Aklah.<\/p>\n<p>Asegur\u00f3 que esta planta es la principal fuente de agua potable en la provincia.<\/p>\n<p>Vale mencionar que las fuerzas ocupantes y sus mercenarios terroristas suelen atacar las instalaciones de infraestructura y servicios en las zonas ocupadas.<\/p>\n<p style=\"text-align: justify;\"><span style=\"color: #0000ff;\"><strong>F.M\/W.S<\/strong><\/span><\/p>\n","protected":false},"excerpt":{"rendered":"<p>Hasakeh, SANA Las fuerzas de ocupaci\u00f3n turcas interrumpieron el bombeo del agua potable de la planta Aluk que alimenta a un mill\u00f3n de personas en la provincia de Hasakeh, ubicada a 866 kil\u00f3metros al nordeste de la capital Damasco. \u201cCortar el agua coincide con las altas temperaturas del verano lo cual agrav\u00f3 la sede en &hellip;<\/p>\n","protected":false},"author":35,"featured_media":145310,"comment_status":"closed","ping_status":"closed","sticky":false,"template":"","format":"standard","meta":{"footnotes":""},"categories":[477,597,573,476,7541],"tags":[],"class_list":["post-145309","post","type-post","status-publish","format-standard","has-post-thumbnail","","category-noticias-edulcorantes","category-cinta-de-noticias","category-la-realidad-de-los-acontecimientos-en-siria","category-locales","category-ultimas-noticias"],"_links":{"self":[{"href":"https:\/\/archive.sana.sy\/es\/index.php?rest_route=\/wp\/v2\/posts\/145309"}],"collection":[{"href":"https:\/\/archive.sana.sy\/es\/index.php?rest_route=\/wp\/v2\/posts"}],"about":[{"href":"https:\/\/archive.sana.sy\/es\/index.php?rest_route=\/wp\/v2\/types\/post"}],"author":[{"embeddable":true,"href":"https:\/\/archive.sana.sy\/es\/index.php?rest_route=\/wp\/v2\/users\/35"}],"replies":[{"embeddable":true,"href":"https:\/\/archive.sana.sy\/es\/index.php?rest_route=%2Fwp%2Fv2%2Fcomments&post=145309"}],"version-history":[{"count":0,"href":"https:\/\/archive.sana.sy\/es\/index.php?rest_route=\/wp\/v2\/posts\/145309\/revisions"}],"wp:featuredmedia":[{"embeddable":true,"href":"https:\/\/archive.sana.sy\/es\/index.php?rest_route=\/wp\/v2\/media\/145310"}],"wp:attachment":[{"href":"https:\/\/archive.sana.sy\/es\/index.php?rest_route=%2Fwp%2Fv2%2Fmedia&parent=145309"}],"wp:term":[{"taxonomy":"category","embeddable":true,"href":"https:\/\/archive.sana.sy\/es\/index.php?rest_route=%2Fwp%2Fv2%2Fcategories&post=145309"},{"taxonomy":"post_tag","embeddable":true,"href":"https:\/\/archive.sana.sy\/es\/index.php?rest_route=%2Fwp%2Fv2%2Ftags&post=145309"}],"curies":[{"name":"wp","href":"https:\/\/api.w.org\/{rel}","templated":true}]}}