{"id":145355,"date":"2020-07-05T21:39:29","date_gmt":"2020-07-05T18:39:29","guid":{"rendered":"http:\/\/sana.sy\/es\/?p=145355"},"modified":"2020-07-05T21:49:35","modified_gmt":"2020-07-05T18:49:35","slug":"consejo-de-ministros-adopta-estrategia-nacional-para-el-desarrollo-cultivo-de-aceituna","status":"publish","type":"post","link":"https:\/\/archive.sana.sy\/es\/?p=145355","title":{"rendered":"Gobierno sirio adopta estrategia nacional para el desarrollo del cultivo de oliva"},"content":{"rendered":"<p style=\"text-align: justify;\"><span style=\"color: #800000;\"><strong>Damasco, SANA<\/strong><\/span><\/p>\n<p style=\"text-align: justify;\">El Consejo de Ministros adopt\u00f3 la estrategia nacional para el desarrollo del cultivo de oliva y los procedimientos ejecutivos de la misma a fin de recuperar la producci\u00f3n de este producto vital que contribuye a la seguridad alimentaria del pa\u00eds, garantiza oportunidades de trabajo y constituye una importante fuente de ingreso para muchos ciudadanos.<\/p>\n<p style=\"text-align: justify;\">Durante su reuni\u00f3n semanal, el Gabinete repas\u00f3 la ejecuci\u00f3n de los proyectos econ\u00f3micos y de servicio y fomento en la provincia central de Hama.<\/p>\n<p style=\"text-align: justify;\">Asimismo, reiter\u00f3 la importancia de la siembra de los cultivos estrat\u00e9gicos en el pa\u00eds.<\/p>\n<p style=\"text-align: justify;\">En la sesi\u00f3n, se escuch\u00f3 a una panor\u00e1mica del Ministro de Salud sobre las medidas adoptadas para afrontar la pandemia de Covid-19 y sobre la coordinaci\u00f3n que existe entre su ministerio y el de Educaci\u00f3n para garantizar el bienestar de los alumnos que est\u00e1n presentando sus ex\u00e1menes.<\/p>\n<p style=\"text-align: justify;\">El ministro de Agricultura y Reforma Agraria, Ahmad Qadri, dijo en declaraci\u00f3n de prensa que se asign\u00f3 una suma de 752 millones de libras sirias para ejecutar los procedimientos estrat\u00e9gicos relacionados con el desarrollo del cultivo de la aceituna.<\/p>\n<p style=\"text-align: justify;\"><span style=\"color: #0000ff;\"><strong>Y.K.\/ F. M.\/ A. H.<\/strong><\/span><\/p>\n","protected":false},"excerpt":{"rendered":"<p>Damasco, SANA El Consejo de Ministros adopt\u00f3 la estrategia nacional para el desarrollo del cultivo de oliva y los procedimientos ejecutivos de la misma a fin de recuperar la producci\u00f3n de este producto vital que contribuye a la seguridad alimentaria del pa\u00eds, garantiza oportunidades de trabajo y constituye una importante fuente de ingreso para muchos &hellip;<\/p>\n","protected":false},"author":1,"featured_media":145356,"comment_status":"closed","ping_status":"closed","sticky":false,"template":"","format":"standard","meta":{"footnotes":""},"categories":[597,476,7541],"tags":[18028],"class_list":["post-145355","post","type-post","status-publish","format-standard","has-post-thumbnail","","category-cinta-de-noticias","category-locales","category-ultimas-noticias","tag-gobierno-sirio-adopta-estrategia-nacional-para-el-desarrollo-del-cultivo-de-oliva"],"_links":{"self":[{"href":"https:\/\/archive.sana.sy\/es\/index.php?rest_route=\/wp\/v2\/posts\/145355"}],"collection":[{"href":"https:\/\/archive.sana.sy\/es\/index.php?rest_route=\/wp\/v2\/posts"}],"about":[{"href":"https:\/\/archive.sana.sy\/es\/index.php?rest_route=\/wp\/v2\/types\/post"}],"author":[{"embeddable":true,"href":"https:\/\/archive.sana.sy\/es\/index.php?rest_route=\/wp\/v2\/users\/1"}],"replies":[{"embeddable":true,"href":"https:\/\/archive.sana.sy\/es\/index.php?rest_route=%2Fwp%2Fv2%2Fcomments&post=145355"}],"version-history":[{"count":0,"href":"https:\/\/archive.sana.sy\/es\/index.php?rest_route=\/wp\/v2\/posts\/145355\/revisions"}],"wp:featuredmedia":[{"embeddable":true,"href":"https:\/\/archive.sana.sy\/es\/index.php?rest_route=\/wp\/v2\/media\/145356"}],"wp:attachment":[{"href":"https:\/\/archive.sana.sy\/es\/index.php?rest_route=%2Fwp%2Fv2%2Fmedia&parent=145355"}],"wp:term":[{"taxonomy":"category","embeddable":true,"href":"https:\/\/archive.sana.sy\/es\/index.php?rest_route=%2Fwp%2Fv2%2Fcategories&post=145355"},{"taxonomy":"post_tag","embeddable":true,"href":"https:\/\/archive.sana.sy\/es\/index.php?rest_route=%2Fwp%2Fv2%2Ftags&post=145355"}],"curies":[{"name":"wp","href":"https:\/\/api.w.org\/{rel}","templated":true}]}}