{"id":145405,"date":"2020-07-06T20:35:09","date_gmt":"2020-07-06T17:35:09","guid":{"rendered":"http:\/\/sana.sy\/es\/?p=145405"},"modified":"2020-07-06T21:22:46","modified_gmt":"2020-07-06T18:22:46","slug":"ministerio-de-salud-reporta-14-nuevos-casos-y-una-muerte-por-covid-19","status":"publish","type":"post","link":"https:\/\/archive.sana.sy\/es\/?p=145405","title":{"rendered":"Ministerio de Salud reporta 14 nuevos casos y una muerte por Covid-19"},"content":{"rendered":"<p style=\"text-align: justify;\"><span style=\"color: #800000;\"><strong>Damasco, SANA<\/strong><\/span><\/p>\n<p style=\"text-align: justify;\">El Ministerio de Salud de Siria report\u00f3 hoy 14 nuevos casos y una sola muerte por Covid-19.<\/p>\n<p style=\"text-align: justify;\">En un comunicado, el Ministerio inform\u00f3 que la cifra total de contagiados ascendi\u00f3 a 372 y los decesos a 14, mientras 126 infectados fueron dado de alta m\u00e9dica tras recuperarse de esa enfermedad.<\/p>\n<p style=\"text-align: justify;\">El Ministerio de Salud hab\u00eda advertido que el descuido y la actitud imprudente amenaza con una mayor propagaci\u00f3n de la infecci\u00f3n teniendo en cuenta el incremento de la l\u00ednea gr\u00e1fica de infecciones registradas a nivel mundial, regional y local.<\/p>\n<p style=\"text-align: justify;\">Llam\u00f3 a la conciencia comunitaria y pidi\u00f3 a los pacientes mayores de edad y con enfermedades cr\u00f3nicos que eviten los lugares de aglomeraci\u00f3n, ya que son m\u00e1s vulnerables que otros a las complicaciones graves del virus en caso de infecci\u00f3n.<\/p>\n<p style=\"text-align: justify;\"><strong><span style=\"color: #0000ff;\">F.M\/ E.D<\/span><\/strong><\/p>\n","protected":false},"excerpt":{"rendered":"<p>Damasco, SANA El Ministerio de Salud de Siria report\u00f3 hoy 14 nuevos casos y una sola muerte por Covid-19. En un comunicado, el Ministerio inform\u00f3 que la cifra total de contagiados ascendi\u00f3 a 372 y los decesos a 14, mientras 126 infectados fueron dado de alta m\u00e9dica tras recuperarse de esa enfermedad. El Ministerio de &hellip;<\/p>\n","protected":false},"author":32,"featured_media":145406,"comment_status":"closed","ping_status":"closed","sticky":false,"template":"","format":"standard","meta":{"footnotes":""},"categories":[597,476,7541],"tags":[18033],"class_list":["post-145405","post","type-post","status-publish","format-standard","has-post-thumbnail","","category-cinta-de-noticias","category-locales","category-ultimas-noticias","tag-ministerio-de-salud-reporta-14-nuevos-casos-y-una-muerte-por-covid-19"],"_links":{"self":[{"href":"https:\/\/archive.sana.sy\/es\/index.php?rest_route=\/wp\/v2\/posts\/145405"}],"collection":[{"href":"https:\/\/archive.sana.sy\/es\/index.php?rest_route=\/wp\/v2\/posts"}],"about":[{"href":"https:\/\/archive.sana.sy\/es\/index.php?rest_route=\/wp\/v2\/types\/post"}],"author":[{"embeddable":true,"href":"https:\/\/archive.sana.sy\/es\/index.php?rest_route=\/wp\/v2\/users\/32"}],"replies":[{"embeddable":true,"href":"https:\/\/archive.sana.sy\/es\/index.php?rest_route=%2Fwp%2Fv2%2Fcomments&post=145405"}],"version-history":[{"count":0,"href":"https:\/\/archive.sana.sy\/es\/index.php?rest_route=\/wp\/v2\/posts\/145405\/revisions"}],"wp:featuredmedia":[{"embeddable":true,"href":"https:\/\/archive.sana.sy\/es\/index.php?rest_route=\/wp\/v2\/media\/145406"}],"wp:attachment":[{"href":"https:\/\/archive.sana.sy\/es\/index.php?rest_route=%2Fwp%2Fv2%2Fmedia&parent=145405"}],"wp:term":[{"taxonomy":"category","embeddable":true,"href":"https:\/\/archive.sana.sy\/es\/index.php?rest_route=%2Fwp%2Fv2%2Fcategories&post=145405"},{"taxonomy":"post_tag","embeddable":true,"href":"https:\/\/archive.sana.sy\/es\/index.php?rest_route=%2Fwp%2Fv2%2Ftags&post=145405"}],"curies":[{"name":"wp","href":"https:\/\/api.w.org\/{rel}","templated":true}]}}