{"id":145454,"date":"2020-07-06T20:30:45","date_gmt":"2020-07-06T17:30:45","guid":{"rendered":"http:\/\/sana.sy\/es\/?p=145454"},"modified":"2020-07-06T21:24:23","modified_gmt":"2020-07-06T18:24:23","slug":"moscu-sigue-apoyando-a-siria-en-su-enfrentamiento-a-nuevo-coronavirus","status":"publish","type":"post","link":"https:\/\/archive.sana.sy\/es\/?p=145454","title":{"rendered":"Mosc\u00fa sigue apoyando a Siria en su enfrentamiento al nuevo Coronavirus"},"content":{"rendered":"<p style=\"text-align: justify;\"><strong><span style=\"color: #800000;\">Mosc\u00fa, SANA<\/span><\/strong><\/p>\n<p style=\"text-align: justify;\">El ministerio de Exteriores de Rusia, anunci\u00f3 que Mosc\u00fa sigue ofreciendo apoyo a Siria para enfrentar la propagaci\u00f3n del nuevo Coronavirus.<\/p>\n<p style=\"text-align: justify;\">\u201cNuestra asistencia a Siria incluye la lucha contra la pandemia de Covid-19, y eso continuar\u00e1 en el futuro\u201d, dijo el vicecanciller ruso, Sergei Vershinin, en declaraciones a la prensa.<\/p>\n<p style=\"text-align: justify;\">Seg\u00fan medios rusos, Rusia y Siria est\u00e1n debaten el tema del suministro de un lote de medicamentos para combatir esa enfermedad.<\/p>\n<p style=\"text-align: justify;\"><strong><span style=\"color: #0000ff;\">E.D\/ F.M<\/span><\/strong><\/p>\n","protected":false},"excerpt":{"rendered":"<p>Mosc\u00fa, SANA El ministerio de Exteriores de Rusia, anunci\u00f3 que Mosc\u00fa sigue ofreciendo apoyo a Siria para enfrentar la propagaci\u00f3n del nuevo Coronavirus. \u201cNuestra asistencia a Siria incluye la lucha contra la pandemia de Covid-19, y eso continuar\u00e1 en el futuro\u201d, dijo el vicecanciller ruso, Sergei Vershinin, en declaraciones a la prensa. Seg\u00fan medios rusos, &hellip;<\/p>\n","protected":false},"author":32,"featured_media":145455,"comment_status":"closed","ping_status":"closed","sticky":false,"template":"","format":"standard","meta":{"footnotes":""},"categories":[597,467,7541],"tags":[],"class_list":["post-145454","post","type-post","status-publish","format-standard","has-post-thumbnail","","category-cinta-de-noticias","category-siria-y-el-mundo","category-ultimas-noticias"],"_links":{"self":[{"href":"https:\/\/archive.sana.sy\/es\/index.php?rest_route=\/wp\/v2\/posts\/145454"}],"collection":[{"href":"https:\/\/archive.sana.sy\/es\/index.php?rest_route=\/wp\/v2\/posts"}],"about":[{"href":"https:\/\/archive.sana.sy\/es\/index.php?rest_route=\/wp\/v2\/types\/post"}],"author":[{"embeddable":true,"href":"https:\/\/archive.sana.sy\/es\/index.php?rest_route=\/wp\/v2\/users\/32"}],"replies":[{"embeddable":true,"href":"https:\/\/archive.sana.sy\/es\/index.php?rest_route=%2Fwp%2Fv2%2Fcomments&post=145454"}],"version-history":[{"count":0,"href":"https:\/\/archive.sana.sy\/es\/index.php?rest_route=\/wp\/v2\/posts\/145454\/revisions"}],"wp:featuredmedia":[{"embeddable":true,"href":"https:\/\/archive.sana.sy\/es\/index.php?rest_route=\/wp\/v2\/media\/145455"}],"wp:attachment":[{"href":"https:\/\/archive.sana.sy\/es\/index.php?rest_route=%2Fwp%2Fv2%2Fmedia&parent=145454"}],"wp:term":[{"taxonomy":"category","embeddable":true,"href":"https:\/\/archive.sana.sy\/es\/index.php?rest_route=%2Fwp%2Fv2%2Fcategories&post=145454"},{"taxonomy":"post_tag","embeddable":true,"href":"https:\/\/archive.sana.sy\/es\/index.php?rest_route=%2Fwp%2Fv2%2Ftags&post=145454"}],"curies":[{"name":"wp","href":"https:\/\/api.w.org\/{rel}","templated":true}]}}