{"id":145472,"date":"2020-07-06T20:40:20","date_gmt":"2020-07-06T17:40:20","guid":{"rendered":"http:\/\/sana.sy\/es\/?p=145472"},"modified":"2023-01-10T15:15:03","modified_gmt":"2023-01-10T13:15:03","slug":"agricultura-lanza-campana-para-vacunar-1-700-000-de-carneros-y-cabras-contra-ppr","status":"publish","type":"post","link":"https:\/\/archive.sana.sy\/es\/?p=145472","title":{"rendered":"Lanzan en Siria campa\u00f1a de vacunaci\u00f3n contra la peste de peque\u00f1os rumiantes"},"content":{"rendered":"<p><span style=\"color: #800000;\">Rif Dimashq, SANA<\/span><\/p>\n<p style=\"text-align: justify;\">Comenz\u00f3 hoy una campa\u00f1a para vacunar a un mill\u00f3n 700 mil ovejas y cabras en la provincia de Damasco-campo, contra la peste de peque\u00f1os rumiantes (PPR).<\/p>\n<p style=\"text-align: justify;\">La campa\u00f1a fue lanzada por el Ministerio de Agricultura en cooperaci\u00f3n con la Organizaci\u00f3n de las Naciones Unidas para la Agricultura y la Alimentaci\u00f3n (FAO) y el Sindicato de Veterinarios.<\/p>\n<p style=\"text-align: justify;\">Seg\u00fan el Director de Medicamentos Veterinarios en el ministerio, Ziad Namour, la vacunaci\u00f3n contra la PPR viene en el marco del compromiso de Siria con la estrategia nacional e internacional para la investigaci\u00f3n, control y erradicaci\u00f3n de la enfermedad en los pa\u00edses del mundo.<\/p>\n<p style=\"text-align: justify;\">A su vez, el director de la Sanidad Animal, Hussien Sulieman, explic\u00f3 que el personal t\u00e9cnico veterinario en todas las provincias se encargar\u00e1 de ejecutar la campa\u00f1a de vacunaci\u00f3n y afirm\u00f3 que la vacuna cumple con todas las normas de la Organizaci\u00f3n Intergubernamental de Sanidad (OIE), y garantiza la protecci\u00f3n adecuado contra la enfermedad.<\/p>\n<p style=\"text-align: justify;\">Asimismo, el Director de Agricultura en Damasco-campo, Erfan Ziadah, declar\u00f3 a SANA que la campa\u00f1a tiene como objetivo proteger al reba\u00f1o de rumiantes peque\u00f1os a trav\u00e9s de la vacunaci\u00f3n y la inmunizaci\u00f3n contra la enfermedad PPR.<\/p>\n<p style=\"text-align: justify;\">Se\u00f1al\u00f3 que 70 veterinarios y docenas de t\u00e9cnicos participan en esa campa\u00f1a de vacunaci\u00f3n preventiva.<\/p>\n<p style=\"text-align: justify;\">El experto de la FAO, George Khoury, dijo que la organizaci\u00f3n proporcion\u00f3 ocho millones de dosis de vacuna PPR como parte de un grupo de iniciativas para apoyar el sector ganadero en Siria y protegerlo de enfermedades transfronterizas.<\/p>\n<p style=\"text-align: justify;\">Las p\u00e9rdidas anuales provocadas por esa enfermedad en el mundo superan los dos mil millones de USD anuales.<\/p>\n<p>Y.K\/F.M<\/p>\n<p>&nbsp;<\/p>\n","protected":false},"excerpt":{"rendered":"<p>Rif Dimashq, SANA Comenz\u00f3 hoy una campa\u00f1a para vacunar a un mill\u00f3n 700 mil ovejas y cabras en la provincia de Damasco-campo, contra la peste de peque\u00f1os rumiantes (PPR). La campa\u00f1a fue lanzada por el Ministerio de Agricultura en cooperaci\u00f3n con la Organizaci\u00f3n de las Naciones Unidas para la Agricultura y la Alimentaci\u00f3n (FAO) y &hellip;<\/p>\n","protected":false},"author":1,"featured_media":145489,"comment_status":"closed","ping_status":"closed","sticky":false,"template":"","format":"standard","meta":{"footnotes":""},"categories":[597,16686,485,476,7541],"tags":[],"class_list":["post-145472","post","type-post","status-publish","format-standard","has-post-thumbnail","","category-cinta-de-noticias","category-economia","category-informes-negocios-y-finanzas","category-locales","category-ultimas-noticias"],"_links":{"self":[{"href":"https:\/\/archive.sana.sy\/es\/index.php?rest_route=\/wp\/v2\/posts\/145472"}],"collection":[{"href":"https:\/\/archive.sana.sy\/es\/index.php?rest_route=\/wp\/v2\/posts"}],"about":[{"href":"https:\/\/archive.sana.sy\/es\/index.php?rest_route=\/wp\/v2\/types\/post"}],"author":[{"embeddable":true,"href":"https:\/\/archive.sana.sy\/es\/index.php?rest_route=\/wp\/v2\/users\/1"}],"replies":[{"embeddable":true,"href":"https:\/\/archive.sana.sy\/es\/index.php?rest_route=%2Fwp%2Fv2%2Fcomments&post=145472"}],"version-history":[{"count":0,"href":"https:\/\/archive.sana.sy\/es\/index.php?rest_route=\/wp\/v2\/posts\/145472\/revisions"}],"wp:featuredmedia":[{"embeddable":true,"href":"https:\/\/archive.sana.sy\/es\/index.php?rest_route=\/wp\/v2\/media\/145489"}],"wp:attachment":[{"href":"https:\/\/archive.sana.sy\/es\/index.php?rest_route=%2Fwp%2Fv2%2Fmedia&parent=145472"}],"wp:term":[{"taxonomy":"category","embeddable":true,"href":"https:\/\/archive.sana.sy\/es\/index.php?rest_route=%2Fwp%2Fv2%2Fcategories&post=145472"},{"taxonomy":"post_tag","embeddable":true,"href":"https:\/\/archive.sana.sy\/es\/index.php?rest_route=%2Fwp%2Fv2%2Ftags&post=145472"}],"curies":[{"name":"wp","href":"https:\/\/api.w.org\/{rel}","templated":true}]}}