{"id":145813,"date":"2020-07-10T15:45:16","date_gmt":"2020-07-10T12:45:16","guid":{"rendered":"http:\/\/sana.sy\/es\/?p=145813"},"modified":"2023-01-12T14:43:53","modified_gmt":"2023-01-12T12:43:53","slug":"cuba-el-terrorismo-es-una-seria-amenaza-para-la-comunidad-internacional","status":"publish","type":"post","link":"https:\/\/archive.sana.sy\/es\/?p=145813","title":{"rendered":"Cuba: el terrorismo es una seria amenaza para la comunidad internacional"},"content":{"rendered":"<p style=\"text-align: justify;\"><span style=\"color: #800000;\"><strong>La Habana, SANA<\/strong><\/span><\/p>\n<p style=\"text-align: justify;\">El ministro cubano de Relaciones Exteriores, Bruno Rodr\u00edguez, retir\u00f3 que el terrorismo representa una seria amenaza para la comunidad internacional.<\/p>\n<p style=\"text-align: justify;\">Rodr\u00edguez dijo en un Tweet, que este peligroso flagelo no puede ser erradicado si contin\u00faan los dobles est\u00e1ndares, la manipulaci\u00f3n, el oportunismo pol\u00edtico.<\/p>\n<p style=\"text-align: justify;\">El canciller cubano hab\u00eda descrito anteriormente la pol\u00edtica de los Estados Unidos contra su pa\u00eds como terrorismo de estado, y subray\u00f3 que Washington ten\u00eda un historial vergonzoso en este sentido y Cuba era una v\u00edctima.<\/p>\n<p style=\"text-align: justify;\"><span style=\"color: #0000ff;\"><strong>A.SH\/F.M<\/strong><\/span><\/p>\n","protected":false},"excerpt":{"rendered":"<p>La Habana, SANA El ministro cubano de Relaciones Exteriores, Bruno Rodr\u00edguez, retir\u00f3 que el terrorismo representa una seria amenaza para la comunidad internacional. Rodr\u00edguez dijo en un Tweet, que este peligroso flagelo no puede ser erradicado si contin\u00faan los dobles est\u00e1ndares, la manipulaci\u00f3n, el oportunismo pol\u00edtico. El canciller cubano hab\u00eda descrito anteriormente la pol\u00edtica de &hellip;<\/p>\n","protected":false},"author":34,"featured_media":145814,"comment_status":"closed","ping_status":"closed","sticky":false,"template":"","format":"standard","meta":{"footnotes":""},"categories":[597,456,7541],"tags":[],"class_list":["post-145813","post","type-post","status-publish","format-standard","has-post-thumbnail","","category-cinta-de-noticias","category-arabe-internacional-politica","category-ultimas-noticias"],"_links":{"self":[{"href":"https:\/\/archive.sana.sy\/es\/index.php?rest_route=\/wp\/v2\/posts\/145813"}],"collection":[{"href":"https:\/\/archive.sana.sy\/es\/index.php?rest_route=\/wp\/v2\/posts"}],"about":[{"href":"https:\/\/archive.sana.sy\/es\/index.php?rest_route=\/wp\/v2\/types\/post"}],"author":[{"embeddable":true,"href":"https:\/\/archive.sana.sy\/es\/index.php?rest_route=\/wp\/v2\/users\/34"}],"replies":[{"embeddable":true,"href":"https:\/\/archive.sana.sy\/es\/index.php?rest_route=%2Fwp%2Fv2%2Fcomments&post=145813"}],"version-history":[{"count":0,"href":"https:\/\/archive.sana.sy\/es\/index.php?rest_route=\/wp\/v2\/posts\/145813\/revisions"}],"wp:featuredmedia":[{"embeddable":true,"href":"https:\/\/archive.sana.sy\/es\/index.php?rest_route=\/wp\/v2\/media\/145814"}],"wp:attachment":[{"href":"https:\/\/archive.sana.sy\/es\/index.php?rest_route=%2Fwp%2Fv2%2Fmedia&parent=145813"}],"wp:term":[{"taxonomy":"category","embeddable":true,"href":"https:\/\/archive.sana.sy\/es\/index.php?rest_route=%2Fwp%2Fv2%2Fcategories&post=145813"},{"taxonomy":"post_tag","embeddable":true,"href":"https:\/\/archive.sana.sy\/es\/index.php?rest_route=%2Fwp%2Fv2%2Ftags&post=145813"}],"curies":[{"name":"wp","href":"https:\/\/api.w.org\/{rel}","templated":true}]}}