{"id":14604,"date":"2014-12-19T15:41:24","date_gmt":"2014-12-19T13:41:24","guid":{"rendered":"http:\/\/sana.sy\/es\/?p=14604"},"modified":"2014-12-20T13:59:08","modified_gmt":"2014-12-20T11:59:08","slug":"velayati-reitera-el-pleno-apoyo-de-iran-a-siria-frente-las-organizaciones-terroristas","status":"publish","type":"post","link":"https:\/\/archive.sana.sy\/es\/?p=14604","title":{"rendered":"Velayat\u00ed reitera el pleno apoyo de Ir\u00e1n a Siria frente las organizaciones terroristas"},"content":{"rendered":"<p style=\"text-align: justify\"><span style=\"color: #800000\">Teher\u00e1n, SANA<\/span><\/p>\n<p style=\"text-align: justify\">Consejero del L\u00edder Supremo de Ir\u00e1n en pol\u00edtica exterior, Al\u00ed Akbar Velayat\u00ed, reiter\u00f3 el pleno apoyo de su pa\u00eds a Siria en contra de las organizaciones terroristas, destacando que la soluci\u00f3n de la crisis debe ser en la mano del pueblo sirio en s\u00ed, sin ninguna injerencia externa.<\/p>\n<p style=\"text-align: justify\">En una declaraci\u00f3n a la agencia iran\u00ed de noticias Fars, Velayat\u00ed dijo \u201cque el apoyo de los pueblos para enfrentar la ocupaci\u00f3n extranjera y las injerencias externas es uno de nuestros deberes de acuerdo a la Constituci\u00f3n, desde este punto de vista, apoyamos la resistencia heroica de los pueblos de la regi\u00f3n\u201d.<\/p>\n<p style=\"text-align: justify\">Asimismo afirm\u00f3 que Ir\u00e1n est\u00e1 emplea todas sus capacidades para arreglar los problemas regionales y mantener la unidad del mundo isl\u00e1mico sin la injerencia de los asuntos de los pa\u00edses musulmanes.<\/p>\n<p style=\"text-align: justify\"><span style=\"color: #0000ff\">Ghifar Al Ali.<\/span><\/p>\n","protected":false},"excerpt":{"rendered":"<p>Teher\u00e1n, SANA Consejero del L\u00edder Supremo de Ir\u00e1n en pol\u00edtica exterior, Al\u00ed Akbar Velayat\u00ed, reiter\u00f3 el pleno apoyo de su pa\u00eds a Siria en contra de las organizaciones terroristas, destacando que la soluci\u00f3n de la crisis debe ser en la mano del pueblo sirio en s\u00ed, sin ninguna injerencia externa. En una declaraci\u00f3n a la &hellip;<\/p>\n","protected":false},"author":1,"featured_media":14605,"comment_status":"closed","ping_status":"closed","sticky":false,"template":"","format":"standard","meta":{"footnotes":""},"categories":[456,457,576],"tags":[3328],"class_list":["post-14604","post","type-post","status-publish","format-standard","has-post-thumbnail","","category-arabe-internacional-politica","category-noticias-arabe-internacional-politica","category-noticias-politicas","tag-velayati-reitera-el-pleno-apoyo-de-iran-a-siria-frente-las-organizaciones-terroristas"],"_links":{"self":[{"href":"https:\/\/archive.sana.sy\/es\/index.php?rest_route=\/wp\/v2\/posts\/14604"}],"collection":[{"href":"https:\/\/archive.sana.sy\/es\/index.php?rest_route=\/wp\/v2\/posts"}],"about":[{"href":"https:\/\/archive.sana.sy\/es\/index.php?rest_route=\/wp\/v2\/types\/post"}],"author":[{"embeddable":true,"href":"https:\/\/archive.sana.sy\/es\/index.php?rest_route=\/wp\/v2\/users\/1"}],"replies":[{"embeddable":true,"href":"https:\/\/archive.sana.sy\/es\/index.php?rest_route=%2Fwp%2Fv2%2Fcomments&post=14604"}],"version-history":[{"count":0,"href":"https:\/\/archive.sana.sy\/es\/index.php?rest_route=\/wp\/v2\/posts\/14604\/revisions"}],"wp:featuredmedia":[{"embeddable":true,"href":"https:\/\/archive.sana.sy\/es\/index.php?rest_route=\/wp\/v2\/media\/14605"}],"wp:attachment":[{"href":"https:\/\/archive.sana.sy\/es\/index.php?rest_route=%2Fwp%2Fv2%2Fmedia&parent=14604"}],"wp:term":[{"taxonomy":"category","embeddable":true,"href":"https:\/\/archive.sana.sy\/es\/index.php?rest_route=%2Fwp%2Fv2%2Fcategories&post=14604"},{"taxonomy":"post_tag","embeddable":true,"href":"https:\/\/archive.sana.sy\/es\/index.php?rest_route=%2Fwp%2Fv2%2Ftags&post=14604"}],"curies":[{"name":"wp","href":"https:\/\/api.w.org\/{rel}","templated":true}]}}