{"id":146117,"date":"2020-07-12T18:52:34","date_gmt":"2020-07-12T15:52:34","guid":{"rendered":"http:\/\/sana.sy\/es\/?p=146117"},"modified":"2020-07-12T22:12:32","modified_gmt":"2020-07-12T19:12:32","slug":"caricaturista-sirio-gana-premio-en-el-concurso-internacional-de-caricaturas-en-la-india","status":"publish","type":"post","link":"https:\/\/archive.sana.sy\/es\/?p=146117","title":{"rendered":"Caricaturista sirio gana premio en el Concurso Internacional de Caricaturas en La India"},"content":{"rendered":"<p style=\"text-align: justify;\"><strong><span style=\"color: #800000;\">Damasco, SANA<\/span><\/strong><\/p>\n<p style=\"text-align: justify;\">El caricaturista sirio Raed Khalil, obtuv\u00f3 el segundo premio en el primer Concurso Internacional de Caricatura celebrado en La India con motivo del centenario del ex primer ministro indio Narasimha Rao.<\/p>\n<p style=\"text-align: justify;\">Doscientos veinticinco pintores de 30 pa\u00edses participaron en la competencia.<br \/>\nEl primer premio fue para Per\u00fa y el tercero para India, mientras que tres premios especiales fueron dados para artistas indios.<\/p>\n<p style=\"text-align: justify;\">El artista Khalil particip\u00f3 en muchas exposiciones internacionales y gan\u00f3 muchos premios y es actualmente director del Festival Internacional de Caricatura de Siria, donde gan\u00f3 muchos premios locales, \u00e1rabes e internacionales.<\/p>\n<p style=\"text-align: justify;\"><strong><span style=\"color: #0000ff;\">E.D\/ F.M<\/span><\/strong><\/p>\n","protected":false},"excerpt":{"rendered":"<p>Damasco, SANA El caricaturista sirio Raed Khalil, obtuv\u00f3 el segundo premio en el primer Concurso Internacional de Caricatura celebrado en La India con motivo del centenario del ex primer ministro indio Narasimha Rao. Doscientos veinticinco pintores de 30 pa\u00edses participaron en la competencia. El primer premio fue para Per\u00fa y el tercero para India, mientras &hellip;<\/p>\n","protected":false},"author":32,"featured_media":146118,"comment_status":"closed","ping_status":"closed","sticky":false,"template":"","format":"standard","meta":{"footnotes":""},"categories":[597,510,7541],"tags":[18051],"class_list":["post-146117","post","type-post","status-publish","format-standard","has-post-thumbnail","","category-cinta-de-noticias","category-arte-y-cultura","category-ultimas-noticias","tag-caricaturista-sirio-gana-premio-en-el-concurso-internacional-de-caricaturas-en-la-india"],"_links":{"self":[{"href":"https:\/\/archive.sana.sy\/es\/index.php?rest_route=\/wp\/v2\/posts\/146117"}],"collection":[{"href":"https:\/\/archive.sana.sy\/es\/index.php?rest_route=\/wp\/v2\/posts"}],"about":[{"href":"https:\/\/archive.sana.sy\/es\/index.php?rest_route=\/wp\/v2\/types\/post"}],"author":[{"embeddable":true,"href":"https:\/\/archive.sana.sy\/es\/index.php?rest_route=\/wp\/v2\/users\/32"}],"replies":[{"embeddable":true,"href":"https:\/\/archive.sana.sy\/es\/index.php?rest_route=%2Fwp%2Fv2%2Fcomments&post=146117"}],"version-history":[{"count":0,"href":"https:\/\/archive.sana.sy\/es\/index.php?rest_route=\/wp\/v2\/posts\/146117\/revisions"}],"wp:featuredmedia":[{"embeddable":true,"href":"https:\/\/archive.sana.sy\/es\/index.php?rest_route=\/wp\/v2\/media\/146118"}],"wp:attachment":[{"href":"https:\/\/archive.sana.sy\/es\/index.php?rest_route=%2Fwp%2Fv2%2Fmedia&parent=146117"}],"wp:term":[{"taxonomy":"category","embeddable":true,"href":"https:\/\/archive.sana.sy\/es\/index.php?rest_route=%2Fwp%2Fv2%2Fcategories&post=146117"},{"taxonomy":"post_tag","embeddable":true,"href":"https:\/\/archive.sana.sy\/es\/index.php?rest_route=%2Fwp%2Fv2%2Ftags&post=146117"}],"curies":[{"name":"wp","href":"https:\/\/api.w.org\/{rel}","templated":true}]}}