{"id":146123,"date":"2020-07-12T19:02:11","date_gmt":"2020-07-12T16:02:11","guid":{"rendered":"http:\/\/sana.sy\/es\/?p=146123"},"modified":"2020-07-13T07:51:29","modified_gmt":"2020-07-13T04:51:29","slug":"siria-afirma-que-la-lucha-contra-politicas-estadounidense-e-israelies-es-el-garante-de-recuperar-los-derechos","status":"publish","type":"post","link":"https:\/\/archive.sana.sy\/es\/?p=146123","title":{"rendered":"Siria ratifica su apoyo a la causa palestina y su rechazo al \u201cAcuerdo del Siglo\u201d"},"content":{"rendered":"<p style=\"text-align: justify;\"><span style=\"color: #800000;\"><strong>Damasco, SANA<\/strong><\/span><\/p>\n<p style=\"text-align: justify;\">El viceministro de Exteriores y Expatriados de Siria, Faisal Mekdad, recibi\u00f3 hoy al vicepresidente del Consejo de Ministros de Palestina, Ziad Abu Omro.<\/p>\n<p style=\"text-align: justify;\">Abu Omro manifest\u00f3 su orgullo por visitar a Siria, pa\u00eds seg\u00fan \u00e9l, es \u201cs\u00edmbolo de la lucha \u00e1rabe y defensor de la causa palestina y la naci\u00f3n \u00e1rabe\u201d.<\/p>\n<p style=\"text-align: justify;\">Agreg\u00f3 que la agresi\u00f3n estadounidense e israel\u00ed est\u00e1 dirigida tanto contra Siria como contra Palestina y se\u00f1al\u00f3 que \u201clas dirigencias siria y palestina comparten los mismos desaf\u00edos\u201d.<\/p>\n<p style=\"text-align: justify;\">Por su parte, Mekdad reiter\u00f3 la postura siria en apoyo a la causa palestina y los derechos leg\u00edtimos del pueblo palestino, en particular el derecho al retorno y el establecimiento de un Estado palestino con Jerusal\u00e9n como capital.<\/p>\n<p style=\"text-align: justify;\">Asimismo, conden\u00f3 el llamado \u201cAcuerdo del Siglo\u201d y el plan de las autoridades de ocupaci\u00f3n de anexar los territorios \u00e1rabes, haciendo hincapi\u00e9 al mismo tiempo en la importancia de seguir la lucha y estar firme ante los intentos israel\u00edes y estadounidense de eliminar la causa palestina.<\/p>\n<p style=\"text-align: justify;\">\u201cNuestra lucha conjunta contra las pol\u00edticas estadounidense e israel\u00edes tanto en el Gol\u00e1n sirio ocupado como en los territorios palestinos ocupados es el garante de recuperar los derechos\u201d, enfatiz\u00f3.<\/p>\n<p style=\"text-align: justify;\">En declaraciones a la prensa, el viceprimer ministro palestino dijo que \u00e9l transmiti\u00f3 un mensaje del presidente de Palestina<\/p>\n<p style=\"text-align: justify;\">En declaraciones a la prensa, el viceprimer ministro palestino dijo que \u00e9l transmiti\u00f3 un mensaje del presidente de Palestina, Mahmoud Abbas, al presidente Bashar Al-Assad relacionado con la situaci\u00f3n palestina y la continua agresi\u00f3n israel\u00ed y estadounidense contra la causa palestina.<\/p>\n<p style=\"text-align: justify;\">\u201cEl mensaje incluye tambi\u00e9n el rechazo palestino absoluto al Acuerdo del Siglo\u201d, y a los planes de Israel de anexar m\u00e1s territorio \u00e1rabe\u201d, enfatiz\u00f3.<\/p>\n<p style=\"text-align: justify;\">La misiva reitera la postura de Palestina en solidaridad con Siria y afirma tambi\u00e9n el rechazo palestino a la decisi\u00f3n del presidente Donald Trump de reconocer la anexi\u00f3n del Gol\u00e1n sirio al ente sionista.<\/p>\n<p style=\"text-align: justify;\">Abu Omro se\u00f1al\u00f3 que Siria y Palestina est\u00e1n en la misma trinchera de cara a los planes israel\u00edes y estadounidense, y ratific\u00f3 el apoyo del presidente Abbas al presidente al-Assad y Siria.<\/p>\n<p style=\"text-align: justify;\">Subray\u00f3 tambi\u00e9n el apoyo de Palestina a la unidad territorial de Siria y su derecho a hacer frente a los planes estadounidense e israel\u00ed.<\/p>\n<p style=\"text-align: justify;\">Mekdad a su vez, afirm\u00f3 el apoyo de Siria a la lucha de los palestinos por la liberaci\u00f3n de su tierra y la \u00a0recuperaci\u00f3n de sus derechos, y destac\u00f3 que la causa palestina siempre ser\u00e1 la causa central para Siria.<\/p>\n<p style=\"text-align: justify;\">Agreg\u00f3 que el \u201cAcuerdo del Siglo\u201d y la confiscaci\u00f3n de tierras, as\u00ed como la anexi\u00f3n de Cisjordania por parte de la ocupaci\u00f3n, fracasar\u00e1n gracias a la lucha del pueblo palestino y al apoyo de todos los libres del mundo.<\/p>\n<p style=\"text-align: justify;\"><span style=\"color: #0000ff;\"><strong>Y.K.\/ F. M.\/ A. H.<\/strong><\/span><\/p>\n","protected":false},"excerpt":{"rendered":"<p>Damasco, SANA El viceministro de Exteriores y Expatriados de Siria, Faisal Mekdad, recibi\u00f3 hoy al vicepresidente del Consejo de Ministros de Palestina, Ziad Abu Omro. Abu Omro manifest\u00f3 su orgullo por visitar a Siria, pa\u00eds seg\u00fan \u00e9l, es \u201cs\u00edmbolo de la lucha \u00e1rabe y defensor de la causa palestina y la naci\u00f3n \u00e1rabe\u201d. Agreg\u00f3 que &hellip;<\/p>\n","protected":false},"author":1,"featured_media":146124,"comment_status":"closed","ping_status":"closed","sticky":false,"template":"","format":"standard","meta":{"footnotes":""},"categories":[597,476,7541],"tags":[18053],"class_list":["post-146123","post","type-post","status-publish","format-standard","has-post-thumbnail","","category-cinta-de-noticias","category-locales","category-ultimas-noticias","tag-siria-ratifica-su-apoyo-a-la-causa-palestina-y-su-rechazo-al-acuerdo-del-siglo"],"_links":{"self":[{"href":"https:\/\/archive.sana.sy\/es\/index.php?rest_route=\/wp\/v2\/posts\/146123"}],"collection":[{"href":"https:\/\/archive.sana.sy\/es\/index.php?rest_route=\/wp\/v2\/posts"}],"about":[{"href":"https:\/\/archive.sana.sy\/es\/index.php?rest_route=\/wp\/v2\/types\/post"}],"author":[{"embeddable":true,"href":"https:\/\/archive.sana.sy\/es\/index.php?rest_route=\/wp\/v2\/users\/1"}],"replies":[{"embeddable":true,"href":"https:\/\/archive.sana.sy\/es\/index.php?rest_route=%2Fwp%2Fv2%2Fcomments&post=146123"}],"version-history":[{"count":0,"href":"https:\/\/archive.sana.sy\/es\/index.php?rest_route=\/wp\/v2\/posts\/146123\/revisions"}],"wp:featuredmedia":[{"embeddable":true,"href":"https:\/\/archive.sana.sy\/es\/index.php?rest_route=\/wp\/v2\/media\/146124"}],"wp:attachment":[{"href":"https:\/\/archive.sana.sy\/es\/index.php?rest_route=%2Fwp%2Fv2%2Fmedia&parent=146123"}],"wp:term":[{"taxonomy":"category","embeddable":true,"href":"https:\/\/archive.sana.sy\/es\/index.php?rest_route=%2Fwp%2Fv2%2Fcategories&post=146123"},{"taxonomy":"post_tag","embeddable":true,"href":"https:\/\/archive.sana.sy\/es\/index.php?rest_route=%2Fwp%2Fv2%2Ftags&post=146123"}],"curies":[{"name":"wp","href":"https:\/\/api.w.org\/{rel}","templated":true}]}}