{"id":146145,"date":"2020-07-12T20:57:40","date_gmt":"2020-07-12T17:57:40","guid":{"rendered":"http:\/\/sana.sy\/es\/?p=146145"},"modified":"2023-01-12T14:43:52","modified_gmt":"2023-01-12T12:43:52","slug":"ataque-aereo-saudi-mata-a-10-yemenitas","status":"publish","type":"post","link":"https:\/\/archive.sana.sy\/es\/?p=146145","title":{"rendered":"Ataque a\u00e9reo saud\u00ed mata a 10 yemenitas"},"content":{"rendered":"<p style=\"text-align: justify;\"><span style=\"color: #800000;\"><strong>San\u00e1, SANA<\/strong><\/span><\/p>\n<p style=\"text-align: justify;\">Al menos diez yemenitas perdieron la vida, en su mayor\u00eda ni\u00f1os y mujeres, en un ataque a\u00e9reo perpetrado por aviones b\u00e9licas de la agresi\u00f3n saud\u00ed en la provincia de Hayeh.<\/p>\n<p style=\"text-align: justify;\">El sitio web MASIRA inform\u00f3 que cazabombarderos saud\u00edes atacaron una casa en la zona de Washha, lo que caus\u00f3 la muerte de al menos 10 civiles en su mayor\u00eda ni\u00f1os y mujeres.<\/p>\n<p style=\"text-align: justify;\">Agreg\u00f3 que siguen en marcha las operaciones de b\u00fasqueda y rescate de sobrevivientes del ataque.<\/p>\n<p style=\"text-align: justify;\">A todo ello, un ni\u00f1o result\u00f3 herido por bala disparada por las fuerzas saud\u00edes en la provincia de Taaz, en el suroeste del pa\u00eds.<\/p>\n<p style=\"text-align: justify;\">Seg\u00fan una fuente de seguridad, el ni\u00f1o fue alcanzado por una bala de un francotirador.<\/p>\n<p style=\"text-align: justify;\"><span style=\"color: #0000ff;\"><strong>Y.K.<\/strong><\/span><\/p>\n","protected":false},"excerpt":{"rendered":"<p>San\u00e1, SANA Al menos diez yemenitas perdieron la vida, en su mayor\u00eda ni\u00f1os y mujeres, en un ataque a\u00e9reo perpetrado por aviones b\u00e9licas de la agresi\u00f3n saud\u00ed en la provincia de Hayeh. El sitio web MASIRA inform\u00f3 que cazabombarderos saud\u00edes atacaron una casa en la zona de Washha, lo que caus\u00f3 la muerte de al &hellip;<\/p>\n","protected":false},"author":1,"featured_media":146146,"comment_status":"closed","ping_status":"closed","sticky":false,"template":"","format":"standard","meta":{"footnotes":""},"categories":[597,456],"tags":[],"class_list":["post-146145","post","type-post","status-publish","format-standard","has-post-thumbnail","","category-cinta-de-noticias","category-arabe-internacional-politica"],"_links":{"self":[{"href":"https:\/\/archive.sana.sy\/es\/index.php?rest_route=\/wp\/v2\/posts\/146145"}],"collection":[{"href":"https:\/\/archive.sana.sy\/es\/index.php?rest_route=\/wp\/v2\/posts"}],"about":[{"href":"https:\/\/archive.sana.sy\/es\/index.php?rest_route=\/wp\/v2\/types\/post"}],"author":[{"embeddable":true,"href":"https:\/\/archive.sana.sy\/es\/index.php?rest_route=\/wp\/v2\/users\/1"}],"replies":[{"embeddable":true,"href":"https:\/\/archive.sana.sy\/es\/index.php?rest_route=%2Fwp%2Fv2%2Fcomments&post=146145"}],"version-history":[{"count":0,"href":"https:\/\/archive.sana.sy\/es\/index.php?rest_route=\/wp\/v2\/posts\/146145\/revisions"}],"wp:featuredmedia":[{"embeddable":true,"href":"https:\/\/archive.sana.sy\/es\/index.php?rest_route=\/wp\/v2\/media\/146146"}],"wp:attachment":[{"href":"https:\/\/archive.sana.sy\/es\/index.php?rest_route=%2Fwp%2Fv2%2Fmedia&parent=146145"}],"wp:term":[{"taxonomy":"category","embeddable":true,"href":"https:\/\/archive.sana.sy\/es\/index.php?rest_route=%2Fwp%2Fv2%2Fcategories&post=146145"},{"taxonomy":"post_tag","embeddable":true,"href":"https:\/\/archive.sana.sy\/es\/index.php?rest_route=%2Fwp%2Fv2%2Ftags&post=146145"}],"curies":[{"name":"wp","href":"https:\/\/api.w.org\/{rel}","templated":true}]}}