{"id":146156,"date":"2020-07-13T07:22:45","date_gmt":"2020-07-13T04:22:45","guid":{"rendered":"http:\/\/sana.sy\/es\/?p=146156"},"modified":"2023-01-10T14:32:27","modified_gmt":"2023-01-10T12:32:27","slug":"repelen-ataque-terrorista-con-dos-drones-contra-la-base-de-hemeimem-en-latakia-siria","status":"publish","type":"post","link":"https:\/\/archive.sana.sy\/es\/?p=146156","title":{"rendered":"Repelen ataque terrorista con dos drones contra la base de Hemeimem en Latakia, Siria"},"content":{"rendered":"<p style=\"text-align: justify;\"><span style=\"color: #800000;\"><strong>Mosc\u00fa, SANA<\/strong><\/span><\/p>\n<p style=\"text-align: justify;\">El Ministerio de Defensa de Rusia anunci\u00f3 haber repelido un ataque con dos drones lanzados por las organizaciones terroristas desplegadas en la zona de distensi\u00f3n de Idlib, contra la base de Hemeimem, en la provincia costera siria de Latakia.<\/p>\n<p style=\"text-align: justify;\">\u201cLa defensa antia\u00e9rea en la base de Hemeimem detect\u00f3 la noche del domingo a drones lanzados por las organizaciones terroristas desplegadas en Idlib mientras se aproximaban a la base desde la direcci\u00f3n noreste\u201d, declar\u00f3 el director del Centro de Coordinaci\u00f3n de Rusia en Hemeimem, Alexander Sherpetsky.<\/p>\n<p style=\"text-align: justify;\">Agreg\u00f3 que los medios de defensa a\u00e9rea en la base destruyeron dos drones que estaban equipados con municiones a 5 kil\u00f3metros de la base.<\/p>\n<p style=\"text-align: justify;\">\u201cNo hubo heridos ni da\u00f1os materiales en la base que opera con total normalidad\u201d, precis\u00f3 el oficial.<\/p>\n<p style=\"text-align: justify;\"><span style=\"color: #0000ff;\">F.M<\/span><\/p>\n<p style=\"text-align: justify;\">\n","protected":false},"excerpt":{"rendered":"<p>Mosc\u00fa, SANA El Ministerio de Defensa de Rusia anunci\u00f3 haber repelido un ataque con dos drones lanzados por las organizaciones terroristas desplegadas en la zona de distensi\u00f3n de Idlib, contra la base de Hemeimem, en la provincia costera siria de Latakia. \u201cLa defensa antia\u00e9rea en la base de Hemeimem detect\u00f3 la noche del domingo a &hellip;<\/p>\n","protected":false},"author":34,"featured_media":146157,"comment_status":"closed","ping_status":"closed","sticky":false,"template":"","format":"standard","meta":{"footnotes":""},"categories":[447,597,573,476,467,7541],"tags":[],"class_list":["post-146156","post","type-post","status-publish","format-standard","has-post-thumbnail","","category-local-politica","category-cinta-de-noticias","category-la-realidad-de-los-acontecimientos-en-siria","category-locales","category-siria-y-el-mundo","category-ultimas-noticias"],"_links":{"self":[{"href":"https:\/\/archive.sana.sy\/es\/index.php?rest_route=\/wp\/v2\/posts\/146156"}],"collection":[{"href":"https:\/\/archive.sana.sy\/es\/index.php?rest_route=\/wp\/v2\/posts"}],"about":[{"href":"https:\/\/archive.sana.sy\/es\/index.php?rest_route=\/wp\/v2\/types\/post"}],"author":[{"embeddable":true,"href":"https:\/\/archive.sana.sy\/es\/index.php?rest_route=\/wp\/v2\/users\/34"}],"replies":[{"embeddable":true,"href":"https:\/\/archive.sana.sy\/es\/index.php?rest_route=%2Fwp%2Fv2%2Fcomments&post=146156"}],"version-history":[{"count":0,"href":"https:\/\/archive.sana.sy\/es\/index.php?rest_route=\/wp\/v2\/posts\/146156\/revisions"}],"wp:featuredmedia":[{"embeddable":true,"href":"https:\/\/archive.sana.sy\/es\/index.php?rest_route=\/wp\/v2\/media\/146157"}],"wp:attachment":[{"href":"https:\/\/archive.sana.sy\/es\/index.php?rest_route=%2Fwp%2Fv2%2Fmedia&parent=146156"}],"wp:term":[{"taxonomy":"category","embeddable":true,"href":"https:\/\/archive.sana.sy\/es\/index.php?rest_route=%2Fwp%2Fv2%2Fcategories&post=146156"},{"taxonomy":"post_tag","embeddable":true,"href":"https:\/\/archive.sana.sy\/es\/index.php?rest_route=%2Fwp%2Fv2%2Ftags&post=146156"}],"curies":[{"name":"wp","href":"https:\/\/api.w.org\/{rel}","templated":true}]}}