{"id":146172,"date":"2020-07-13T07:00:48","date_gmt":"2020-07-13T04:00:48","guid":{"rendered":"http:\/\/sana.sy\/es\/?p=146172"},"modified":"2023-01-10T15:09:42","modified_gmt":"2023-01-10T13:09:42","slug":"alfarero-ensena-su-profesion-ancestral-a-sus-hijos","status":"publish","type":"post","link":"https:\/\/archive.sana.sy\/es\/?p=146172","title":{"rendered":"Alfarero ense\u00f1a su profesi\u00f3n ancestral a sus hijos"},"content":{"rendered":"<p style=\"text-align: justify;\"><span style=\"color: #800000;\"><strong>Hasakeh, SANA<\/strong><\/span><\/p>\n<p style=\"text-align: justify;\">Nunca pens\u00f3 dejar la profesi\u00f3n que hered\u00f3 de sus antepasados y la ense\u00f1\u00f3 bien a sus hijos para que el nombre de su familia siga atado al oficio de alfarer\u00eda durante muchos a\u00f1os.<\/p>\n<p style=\"text-align: justify;\">Misak Pedersian, un anciano de 83 a\u00f1os de los cuales pas\u00f3 70 a\u00f1os en la profesi\u00f3n de alfarer\u00eda, vive en la ciudad nororiental de Qamishli.<\/p>\n<p style=\"text-align: justify;\">Aunque ahora no puede trabajar, Pedersian supervisa el trabajo de su hijo Mikhail.<\/p>\n<p style=\"text-align: justify;\"><img loading=\"lazy\" decoding=\"async\" class=\"size-medium wp-image-146178 alignleft\" src=\"http:\/\/sana.sy\/es\/wp-content\/uploads\/2020\/07\/5-92-300x168.jpg\" alt=\"\" width=\"300\" height=\"168\" srcset=\"https:\/\/archive.sana.sy\/es\/wp-content\/uploads\/2020\/07\/5-92-300x168.jpg 300w, https:\/\/archive.sana.sy\/es\/wp-content\/uploads\/2020\/07\/5-92-150x84.jpg 150w, https:\/\/archive.sana.sy\/es\/wp-content\/uploads\/2020\/07\/5-92.jpg 660w\" sizes=\"(max-width: 300px) 100vw, 300px\" \/>&#8220;Empec\u00e9 a trabajar en la alfarer\u00eda a la edad de 13 a\u00f1os y durante muchos a\u00f1os fabriqu\u00e9 una gran cantidad de utensilios y cer\u00e1micas de muy buena calidad\u201d, explic\u00f3 el artesano a SANA.<\/p>\n<p style=\"text-align: justify;\">Se\u00f1al\u00f3 que esa profesi\u00f3n requiere paciencia, esfuerzo y habilidad, as\u00ed como buscar y usar la arcilla en su temporada.<\/p>\n<p style=\"text-align: justify;\">\u201cAnteriormente obten\u00edamos la arcilla de la frontera sirio-turca y desde el comienzo de la guerra y la ocupaci\u00f3n turca, se hizo cada vez m\u00e1s dif\u00edcil acercarse a la frontera por temor a los francotiradores y el asesinato a manos de los mercenarios proturcos\u201d, agreg\u00f3.<\/p>\n<p><img loading=\"lazy\" decoding=\"async\" class=\"wp-image-146174 aligncenter\" src=\"http:\/\/sana.sy\/es\/wp-content\/uploads\/2020\/07\/6-82-300x203.jpg\" alt=\"\" width=\"733\" height=\"496\" srcset=\"https:\/\/archive.sana.sy\/es\/wp-content\/uploads\/2020\/07\/6-82-300x203.jpg 300w, https:\/\/archive.sana.sy\/es\/wp-content\/uploads\/2020\/07\/6-82-150x101.jpg 150w, https:\/\/archive.sana.sy\/es\/wp-content\/uploads\/2020\/07\/6-82-110x75.jpg 110w, https:\/\/archive.sana.sy\/es\/wp-content\/uploads\/2020\/07\/6-82.jpg 660w\" sizes=\"(max-width: 733px) 100vw, 733px\" \/><\/p>\n<p><img loading=\"lazy\" decoding=\"async\" class=\"wp-image-146177 aligncenter\" src=\"http:\/\/sana.sy\/es\/wp-content\/uploads\/2020\/07\/1-214-660x330-Copy-300x150.jpg\" alt=\"\" width=\"730\" height=\"365\" srcset=\"https:\/\/archive.sana.sy\/es\/wp-content\/uploads\/2020\/07\/1-214-660x330-Copy-300x150.jpg 300w, https:\/\/archive.sana.sy\/es\/wp-content\/uploads\/2020\/07\/1-214-660x330-Copy-150x75.jpg 150w, https:\/\/archive.sana.sy\/es\/wp-content\/uploads\/2020\/07\/1-214-660x330-Copy.jpg 660w\" sizes=\"(max-width: 730px) 100vw, 730px\" \/><\/p>\n<p style=\"text-align: justify;\"><span style=\"color: #0000ff;\">A.H\/F.M<\/span><\/p>\n","protected":false},"excerpt":{"rendered":"<p>Hasakeh, SANA Nunca pens\u00f3 dejar la profesi\u00f3n que hered\u00f3 de sus antepasados y la ense\u00f1\u00f3 bien a sus hijos para que el nombre de su familia siga atado al oficio de alfarer\u00eda durante muchos a\u00f1os. Misak Pedersian, un anciano de 83 a\u00f1os de los cuales pas\u00f3 70 a\u00f1os en la profesi\u00f3n de alfarer\u00eda, vive en &hellip;<\/p>\n","protected":false},"author":34,"featured_media":146179,"comment_status":"closed","ping_status":"closed","sticky":false,"template":"","format":"standard","meta":{"footnotes":""},"categories":[477,447,597,510,485,476,515,7541],"tags":[],"class_list":["post-146172","post","type-post","status-publish","format-standard","has-post-thumbnail","","category-noticias-edulcorantes","category-local-politica","category-cinta-de-noticias","category-arte-y-cultura","category-informes-negocios-y-finanzas","category-locales","category-noticias-arte-y-cultura","category-ultimas-noticias"],"_links":{"self":[{"href":"https:\/\/archive.sana.sy\/es\/index.php?rest_route=\/wp\/v2\/posts\/146172"}],"collection":[{"href":"https:\/\/archive.sana.sy\/es\/index.php?rest_route=\/wp\/v2\/posts"}],"about":[{"href":"https:\/\/archive.sana.sy\/es\/index.php?rest_route=\/wp\/v2\/types\/post"}],"author":[{"embeddable":true,"href":"https:\/\/archive.sana.sy\/es\/index.php?rest_route=\/wp\/v2\/users\/34"}],"replies":[{"embeddable":true,"href":"https:\/\/archive.sana.sy\/es\/index.php?rest_route=%2Fwp%2Fv2%2Fcomments&post=146172"}],"version-history":[{"count":0,"href":"https:\/\/archive.sana.sy\/es\/index.php?rest_route=\/wp\/v2\/posts\/146172\/revisions"}],"wp:featuredmedia":[{"embeddable":true,"href":"https:\/\/archive.sana.sy\/es\/index.php?rest_route=\/wp\/v2\/media\/146179"}],"wp:attachment":[{"href":"https:\/\/archive.sana.sy\/es\/index.php?rest_route=%2Fwp%2Fv2%2Fmedia&parent=146172"}],"wp:term":[{"taxonomy":"category","embeddable":true,"href":"https:\/\/archive.sana.sy\/es\/index.php?rest_route=%2Fwp%2Fv2%2Fcategories&post=146172"},{"taxonomy":"post_tag","embeddable":true,"href":"https:\/\/archive.sana.sy\/es\/index.php?rest_route=%2Fwp%2Fv2%2Ftags&post=146172"}],"curies":[{"name":"wp","href":"https:\/\/api.w.org\/{rel}","templated":true}]}}