{"id":146206,"date":"2020-07-13T16:20:15","date_gmt":"2020-07-13T13:20:15","guid":{"rendered":"http:\/\/sana.sy\/es\/?p=146206"},"modified":"2020-07-13T16:21:27","modified_gmt":"2020-07-13T13:21:27","slug":"decreto-presidencial-exime-de-los-impuestos-a-las-materias-primas-que-entran-en-la-fabricacion-de-medicamentos","status":"publish","type":"post","link":"https:\/\/archive.sana.sy\/es\/?p=146206","title":{"rendered":"Decreto presidencial exime de los impuestos a las materias primas que entran en la fabricaci\u00f3n de medicamentos"},"content":{"rendered":"<p style=\"text-align: justify;\"><span style=\"color: #800000;\"><strong>Damasco, SANA<\/strong><\/span><\/p>\n<p style=\"text-align: justify;\">El presidente Bashar Al-Assad, emiti\u00f3 hoy el Decreto Legislativo No. 14 para el a\u00f1o 2020.<\/p>\n<p style=\"text-align: justify;\">El referido decreto exime los requerimientos para la producci\u00f3n y las materias primas utilizadas en la industria de medicamentos humanos de los derechos aduaneros y los dem\u00e1s impuestos de importaci\u00f3n.<\/p>\n<p style=\"text-align: justify;\"><strong><span style=\"color: #0000ff;\">F.M\/ E.D<\/span><\/strong><\/p>\n","protected":false},"excerpt":{"rendered":"<p>Damasco, SANA El presidente Bashar Al-Assad, emiti\u00f3 hoy el Decreto Legislativo No. 14 para el a\u00f1o 2020. El referido decreto exime los requerimientos para la producci\u00f3n y las materias primas utilizadas en la industria de medicamentos humanos de los derechos aduaneros y los dem\u00e1s impuestos de importaci\u00f3n. F.M\/ E.D<\/p>\n","protected":false},"author":32,"featured_media":138871,"comment_status":"closed","ping_status":"closed","sticky":false,"template":"","format":"standard","meta":{"footnotes":""},"categories":[597,16237,583],"tags":[18060],"class_list":["post-146206","post","type-post","status-publish","format-standard","has-post-thumbnail","","category-cinta-de-noticias","category-presidence-de-la-republique-arabe-syria","category-slide","tag-decreto-presidencial-exime-de-los-impuestos-a-las-materias-primas-que-entran-en-la-fabricacion-de-medicamentos"],"_links":{"self":[{"href":"https:\/\/archive.sana.sy\/es\/index.php?rest_route=\/wp\/v2\/posts\/146206"}],"collection":[{"href":"https:\/\/archive.sana.sy\/es\/index.php?rest_route=\/wp\/v2\/posts"}],"about":[{"href":"https:\/\/archive.sana.sy\/es\/index.php?rest_route=\/wp\/v2\/types\/post"}],"author":[{"embeddable":true,"href":"https:\/\/archive.sana.sy\/es\/index.php?rest_route=\/wp\/v2\/users\/32"}],"replies":[{"embeddable":true,"href":"https:\/\/archive.sana.sy\/es\/index.php?rest_route=%2Fwp%2Fv2%2Fcomments&post=146206"}],"version-history":[{"count":0,"href":"https:\/\/archive.sana.sy\/es\/index.php?rest_route=\/wp\/v2\/posts\/146206\/revisions"}],"wp:featuredmedia":[{"embeddable":true,"href":"https:\/\/archive.sana.sy\/es\/index.php?rest_route=\/wp\/v2\/media\/138871"}],"wp:attachment":[{"href":"https:\/\/archive.sana.sy\/es\/index.php?rest_route=%2Fwp%2Fv2%2Fmedia&parent=146206"}],"wp:term":[{"taxonomy":"category","embeddable":true,"href":"https:\/\/archive.sana.sy\/es\/index.php?rest_route=%2Fwp%2Fv2%2Fcategories&post=146206"},{"taxonomy":"post_tag","embeddable":true,"href":"https:\/\/archive.sana.sy\/es\/index.php?rest_route=%2Fwp%2Fv2%2Ftags&post=146206"}],"curies":[{"name":"wp","href":"https:\/\/api.w.org\/{rel}","templated":true}]}}