{"id":146287,"date":"2020-07-14T20:04:59","date_gmt":"2020-07-14T17:04:59","guid":{"rendered":"http:\/\/sana.sy\/es\/?p=146287"},"modified":"2020-07-14T21:38:34","modified_gmt":"2020-07-14T18:38:34","slug":"continuan-protestas-en-siria-contra-el-bloqueo-y-la-ocupacion-turca-y-estadounidense","status":"publish","type":"post","link":"https:\/\/archive.sana.sy\/es\/?p=146287","title":{"rendered":"Contin\u00faan protestas en Siria contra el bloqueo y la ocupaci\u00f3n turca y estadounidense"},"content":{"rendered":"<p style=\"text-align: justify;\"><strong><span style=\"color: #800000;\">Hasakeh, SANA<\/span><\/strong><\/p>\n<p style=\"text-align: justify;\">Casi ning\u00fan d\u00eda pasa en Siria sin una protesta o un acto de resistencia a las fuerzas de ocupaci\u00f3n de EE.UU presentes en el pa\u00eds ilegalmente.<\/p>\n<p style=\"text-align: justify;\">En una demostraci\u00f3n de rechazo, los lugare\u00f1os de la localidad de Rashwania en el municipio de Qamishli (provincia nororiental de Hasakeh) protestaron contra el ocupante, tanto turco como estadounidense, y expresaron su repudio e indignaci\u00f3n hacia la presencia extranjera ilegal en Siria.<\/p>\n<p style=\"text-align: justify;\">Asimismo, quemaron banderas de EE.UU y levantaron banderas nacionales y pancartas que exigen la salida de la tropas ocupantes y denuncian su saqueo a las riquezas naturales de Siria.<\/p>\n<p style=\"text-align: justify;\">Tambi\u00e9n, denunciaron el bloqueo y las injustas sanciones impuestas contra Siria.<\/p>\n<p>&nbsp;<\/p>\n<div id='gallery-1' class='gallery galleryid-146287 gallery-columns-1 gallery-size-full'><figure class='gallery-item'>\n\t\t\t<div class='gallery-icon landscape'>\n\t\t\t\t<a href='https:\/\/archive.sana.sy\/es\/?attachment_id=146350'><img loading=\"lazy\" decoding=\"async\" width=\"660\" height=\"554\" src=\"https:\/\/archive.sana.sy\/es\/wp-content\/uploads\/2020\/07\/photo_2020-07-14_12-29-37.jpg\" class=\"attachment-full size-full\" alt=\"\" srcset=\"https:\/\/archive.sana.sy\/es\/wp-content\/uploads\/2020\/07\/photo_2020-07-14_12-29-37.jpg 660w, https:\/\/archive.sana.sy\/es\/wp-content\/uploads\/2020\/07\/photo_2020-07-14_12-29-37-300x252.jpg 300w, https:\/\/archive.sana.sy\/es\/wp-content\/uploads\/2020\/07\/photo_2020-07-14_12-29-37-150x126.jpg 150w\" sizes=\"(max-width: 660px) 100vw, 660px\" \/><\/a>\n\t\t\t<\/div><\/figure>\n\t\t<\/div>\n\n<p style=\"text-align: justify;\"><strong><span style=\"color: #0000ff;\">F.M\/W.S<\/span><\/strong><\/p>\n","protected":false},"excerpt":{"rendered":"<p>Hasakeh, SANA Casi ning\u00fan d\u00eda pasa en Siria sin una protesta o un acto de resistencia a las fuerzas de ocupaci\u00f3n de EE.UU presentes en el pa\u00eds ilegalmente. En una demostraci\u00f3n de rechazo, los lugare\u00f1os de la localidad de Rashwania en el municipio de Qamishli (provincia nororiental de Hasakeh) protestaron contra el ocupante, tanto turco &hellip;<\/p>\n","protected":false},"author":35,"featured_media":146288,"comment_status":"closed","ping_status":"closed","sticky":false,"template":"","format":"standard","meta":{"footnotes":""},"categories":[477,597,573,476,7541],"tags":[],"class_list":["post-146287","post","type-post","status-publish","format-standard","has-post-thumbnail","","category-noticias-edulcorantes","category-cinta-de-noticias","category-la-realidad-de-los-acontecimientos-en-siria","category-locales","category-ultimas-noticias"],"_links":{"self":[{"href":"https:\/\/archive.sana.sy\/es\/index.php?rest_route=\/wp\/v2\/posts\/146287"}],"collection":[{"href":"https:\/\/archive.sana.sy\/es\/index.php?rest_route=\/wp\/v2\/posts"}],"about":[{"href":"https:\/\/archive.sana.sy\/es\/index.php?rest_route=\/wp\/v2\/types\/post"}],"author":[{"embeddable":true,"href":"https:\/\/archive.sana.sy\/es\/index.php?rest_route=\/wp\/v2\/users\/35"}],"replies":[{"embeddable":true,"href":"https:\/\/archive.sana.sy\/es\/index.php?rest_route=%2Fwp%2Fv2%2Fcomments&post=146287"}],"version-history":[{"count":0,"href":"https:\/\/archive.sana.sy\/es\/index.php?rest_route=\/wp\/v2\/posts\/146287\/revisions"}],"wp:featuredmedia":[{"embeddable":true,"href":"https:\/\/archive.sana.sy\/es\/index.php?rest_route=\/wp\/v2\/media\/146288"}],"wp:attachment":[{"href":"https:\/\/archive.sana.sy\/es\/index.php?rest_route=%2Fwp%2Fv2%2Fmedia&parent=146287"}],"wp:term":[{"taxonomy":"category","embeddable":true,"href":"https:\/\/archive.sana.sy\/es\/index.php?rest_route=%2Fwp%2Fv2%2Fcategories&post=146287"},{"taxonomy":"post_tag","embeddable":true,"href":"https:\/\/archive.sana.sy\/es\/index.php?rest_route=%2Fwp%2Fv2%2Ftags&post=146287"}],"curies":[{"name":"wp","href":"https:\/\/api.w.org\/{rel}","templated":true}]}}