{"id":146293,"date":"2020-07-14T19:35:29","date_gmt":"2020-07-14T16:35:29","guid":{"rendered":"http:\/\/sana.sy\/es\/?p=146293"},"modified":"2020-07-14T22:18:46","modified_gmt":"2020-07-14T19:18:46","slug":"mueren-dos-ninos-por-explosion-de-mina-sembrada-por-terroristas-en-deraa","status":"publish","type":"post","link":"https:\/\/archive.sana.sy\/es\/?p=146293","title":{"rendered":"Mueren dos ni\u00f1os por explosi\u00f3n de mina sembrada por terroristas en Deraa"},"content":{"rendered":"<p style=\"text-align: justify;\"><span style=\"color: #800000;\"><strong>Deraa, SANA<\/strong><\/span><\/p>\n<p style=\"text-align: justify;\">Dos ni\u00f1os perdieron la vida por la explosi\u00f3n de una mina remanente de los terroristas en la ciudad de Sheikh Meskeen, en el norte de la provincia de Deraa, ubicada a 100 kil\u00f3metros al sur de la capital Damasco.<\/p>\n<p style=\"text-align: justify;\">Seg\u00fan reportes de la Corresponsal de SANA, la mina caus\u00f3 adem\u00e1s lesiones a dos civiles.<\/p>\n<p style=\"text-align: justify;\">Bassam Al-Hariri, director del hospital nacional de Deraa, declar\u00f3 a SANA que su instituciones recibi\u00f3 los cuerpos de dos ni\u00f1os muertos por la explosi\u00f3n mientras dos lesionados est\u00e1n recibimiento el tratamiento.<\/p>\n<p style=\"text-align: justify;\">Agreg\u00f3 que ese es el saldo preliminar y puede haber otras v\u00edctimas en el lugar de la explosi\u00f3n.<\/p>\n<p style=\"text-align: justify;\"><strong><span style=\"color: #0000ff;\">F.M\/W.S<\/span><\/strong><\/p>\n","protected":false},"excerpt":{"rendered":"<p>Deraa, SANA Dos ni\u00f1os perdieron la vida por la explosi\u00f3n de una mina remanente de los terroristas en la ciudad de Sheikh Meskeen, en el norte de la provincia de Deraa, ubicada a 100 kil\u00f3metros al sur de la capital Damasco. Seg\u00fan reportes de la Corresponsal de SANA, la mina caus\u00f3 adem\u00e1s lesiones a dos &hellip;<\/p>\n","protected":false},"author":35,"featured_media":146294,"comment_status":"closed","ping_status":"closed","sticky":false,"template":"","format":"standard","meta":{"footnotes":""},"categories":[477,597,476],"tags":[],"class_list":["post-146293","post","type-post","status-publish","format-standard","has-post-thumbnail","","category-noticias-edulcorantes","category-cinta-de-noticias","category-locales"],"_links":{"self":[{"href":"https:\/\/archive.sana.sy\/es\/index.php?rest_route=\/wp\/v2\/posts\/146293"}],"collection":[{"href":"https:\/\/archive.sana.sy\/es\/index.php?rest_route=\/wp\/v2\/posts"}],"about":[{"href":"https:\/\/archive.sana.sy\/es\/index.php?rest_route=\/wp\/v2\/types\/post"}],"author":[{"embeddable":true,"href":"https:\/\/archive.sana.sy\/es\/index.php?rest_route=\/wp\/v2\/users\/35"}],"replies":[{"embeddable":true,"href":"https:\/\/archive.sana.sy\/es\/index.php?rest_route=%2Fwp%2Fv2%2Fcomments&post=146293"}],"version-history":[{"count":0,"href":"https:\/\/archive.sana.sy\/es\/index.php?rest_route=\/wp\/v2\/posts\/146293\/revisions"}],"wp:featuredmedia":[{"embeddable":true,"href":"https:\/\/archive.sana.sy\/es\/index.php?rest_route=\/wp\/v2\/media\/146294"}],"wp:attachment":[{"href":"https:\/\/archive.sana.sy\/es\/index.php?rest_route=%2Fwp%2Fv2%2Fmedia&parent=146293"}],"wp:term":[{"taxonomy":"category","embeddable":true,"href":"https:\/\/archive.sana.sy\/es\/index.php?rest_route=%2Fwp%2Fv2%2Fcategories&post=146293"},{"taxonomy":"post_tag","embeddable":true,"href":"https:\/\/archive.sana.sy\/es\/index.php?rest_route=%2Fwp%2Fv2%2Ftags&post=146293"}],"curies":[{"name":"wp","href":"https:\/\/api.w.org\/{rel}","templated":true}]}}