{"id":146311,"date":"2020-07-14T17:59:31","date_gmt":"2020-07-14T14:59:31","guid":{"rendered":"http:\/\/sana.sy\/es\/?p=146311"},"modified":"2020-07-14T19:05:19","modified_gmt":"2020-07-14T16:05:19","slug":"presidente-al-assad-instruye-estudiar-posibilidad-de-realizar-examenes-complementarios-para-estudiantes-de-bachillerato","status":"publish","type":"post","link":"https:\/\/archive.sana.sy\/es\/?p=146311","title":{"rendered":"Presidente al-Assad instruye estudiar posibilidad de realizar ex\u00e1menes complementarios para estudiantes de Bachillerato"},"content":{"rendered":"<p style=\"text-align: justify\"><span style=\"color: #800000\">Damasco, SANA<\/span><\/p>\n<p style=\"text-align: justify\">El presidente Bashar al-Assad, instruy\u00f3 al Ministerio de Educaci\u00f3n estudiar la posibilidad de realizar un ciclo complementario de ex\u00e1menes para los estudiantes de Bachillerato para el a\u00f1o escolar 2019-2020.<\/p>\n<p style=\"text-align: justify\">Los ex\u00e1menes de bachillerato hab\u00edan iniciado el 21 del mes pasado de junio y finalizaron este martes, y contaron con la participaci\u00f3n de 251 mil estudiantes.<\/p>\n<p style=\"text-align: justify\">Los mismos se efectuaron en miles de escuelas en medio de medidas preventiva y de precauci\u00f3n por la Covid-19.<\/p>\n<p style=\"text-align: justify\">L.A.\/F.M.<\/p>\n","protected":false},"excerpt":{"rendered":"<p>Damasco, SANA El presidente Bashar al-Assad, instruy\u00f3 al Ministerio de Educaci\u00f3n estudiar la posibilidad de realizar un ciclo complementario de ex\u00e1menes para los estudiantes de Bachillerato para el a\u00f1o escolar 2019-2020. Los ex\u00e1menes de bachillerato hab\u00edan iniciado el 21 del mes pasado de junio y finalizaron este martes, y contaron con la participaci\u00f3n de 251 &hellip;<\/p>\n","protected":false},"author":24,"featured_media":146312,"comment_status":"closed","ping_status":"closed","sticky":false,"template":"","format":"standard","meta":{"footnotes":""},"categories":[597,16237,583,626],"tags":[],"class_list":["post-146311","post","type-post","status-publish","format-standard","has-post-thumbnail","","category-cinta-de-noticias","category-presidence-de-la-republique-arabe-syria","category-slide","category-sr-presidente"],"_links":{"self":[{"href":"https:\/\/archive.sana.sy\/es\/index.php?rest_route=\/wp\/v2\/posts\/146311"}],"collection":[{"href":"https:\/\/archive.sana.sy\/es\/index.php?rest_route=\/wp\/v2\/posts"}],"about":[{"href":"https:\/\/archive.sana.sy\/es\/index.php?rest_route=\/wp\/v2\/types\/post"}],"author":[{"embeddable":true,"href":"https:\/\/archive.sana.sy\/es\/index.php?rest_route=\/wp\/v2\/users\/24"}],"replies":[{"embeddable":true,"href":"https:\/\/archive.sana.sy\/es\/index.php?rest_route=%2Fwp%2Fv2%2Fcomments&post=146311"}],"version-history":[{"count":0,"href":"https:\/\/archive.sana.sy\/es\/index.php?rest_route=\/wp\/v2\/posts\/146311\/revisions"}],"wp:featuredmedia":[{"embeddable":true,"href":"https:\/\/archive.sana.sy\/es\/index.php?rest_route=\/wp\/v2\/media\/146312"}],"wp:attachment":[{"href":"https:\/\/archive.sana.sy\/es\/index.php?rest_route=%2Fwp%2Fv2%2Fmedia&parent=146311"}],"wp:term":[{"taxonomy":"category","embeddable":true,"href":"https:\/\/archive.sana.sy\/es\/index.php?rest_route=%2Fwp%2Fv2%2Fcategories&post=146311"},{"taxonomy":"post_tag","embeddable":true,"href":"https:\/\/archive.sana.sy\/es\/index.php?rest_route=%2Fwp%2Fv2%2Ftags&post=146311"}],"curies":[{"name":"wp","href":"https:\/\/api.w.org\/{rel}","templated":true}]}}