{"id":14645,"date":"2014-12-20T13:43:13","date_gmt":"2014-12-20T11:43:13","guid":{"rendered":"http:\/\/sana.sy\/es\/?p=14645"},"modified":"2014-12-21T15:55:42","modified_gmt":"2014-12-21T13:55:42","slug":"primer-ministro-examina-con-el-embajador-ruso-la-cooperacion-economica-bilateral","status":"publish","type":"post","link":"https:\/\/archive.sana.sy\/es\/?p=14645","title":{"rendered":"Primer Ministro examina con el embajador ruso la cooperaci\u00f3n econ\u00f3mica bilateral"},"content":{"rendered":"<p>Damasco, SANA<\/p>\n<p>El primer ministro, Wael al-Halqui examin\u00f3 este s\u00e1bado con el embajador de Rusia en Damasco, Amazat Kulmukhametov la cooperaci\u00f3n bilateral en los \u00e1mbitos econ\u00f3micos y comerciales.<\/p>\n<p>El jefe del Ejecutivo sirio expres\u00f3 su aprecio a Rusia, pueblo y liderazgo, por su apoyo a Siria en la lucha contra el terrorismo y el bloque econ\u00f3mico inhumano impuesto sobre su pueblo.<\/p>\n<p>Durante la reuni\u00f3n, el Primer Ministro abord\u00f3 con el embajador ruso la posibilidad de que las compa\u00f1\u00edas rusas inviertan en Siria, especialmente en la etapa de reconstrucci\u00f3n del pa\u00eds, en la que participar\u00e1n solamente los amigos del pueblo sirio.<\/p>\n<p>Al-Halqui se\u00f1al\u00f3 que el pueblo sirio est\u00e1 m\u00e1s determinado a repeler el terrorismo, ratificando que el a\u00f1o 2015 ser\u00e1 el a\u00f1o de las victorias.<\/p>\n<p>A su vez, el alto diplom\u00e1tico ruso expres\u00f3 su confianza en la capacidad del pueblo sirio de triunfar en la injusta guerra librada contra su pa\u00eds, ratificando el inter\u00e9s del liderazgo ruso en responder a todas las necesidades del mismo, respaldar a su liderazgo y contribuir a reconstruir Siria, as\u00ed como garantizar el \u00e9xito del dialogo intersirio.<\/p>\n<p>En los t\u00e9rminos de la reuni\u00f3n, el Primer Ministro agradeci\u00f3 a Kulmukhametov por sus esfuerzos durante su estancia en Damasco, dese\u00e1ndole todo \u00e9xito en sus misiones futuras.<\/p>\n<p>Lynn A.<\/p>\n","protected":false},"excerpt":{"rendered":"<p>Damasco, SANA El primer ministro, Wael al-Halqui examin\u00f3 este s\u00e1bado con el embajador de Rusia en Damasco, Amazat Kulmukhametov la cooperaci\u00f3n bilateral en los \u00e1mbitos econ\u00f3micos y comerciales. El jefe del Ejecutivo sirio expres\u00f3 su aprecio a Rusia, pueblo y liderazgo, por su apoyo a Siria en la lucha contra el terrorismo y el bloque &hellip;<\/p>\n","protected":false},"author":24,"featured_media":14646,"comment_status":"closed","ping_status":"closed","sticky":false,"template":"","format":"standard","meta":{"footnotes":""},"categories":[477,476],"tags":[3342],"class_list":["post-14645","post","type-post","status-publish","format-standard","has-post-thumbnail","","category-noticias-edulcorantes","category-locales","tag-primer-ministro-examina-con-el-embajador-ruso-la-cooperacion-economica-bilateral"],"_links":{"self":[{"href":"https:\/\/archive.sana.sy\/es\/index.php?rest_route=\/wp\/v2\/posts\/14645"}],"collection":[{"href":"https:\/\/archive.sana.sy\/es\/index.php?rest_route=\/wp\/v2\/posts"}],"about":[{"href":"https:\/\/archive.sana.sy\/es\/index.php?rest_route=\/wp\/v2\/types\/post"}],"author":[{"embeddable":true,"href":"https:\/\/archive.sana.sy\/es\/index.php?rest_route=\/wp\/v2\/users\/24"}],"replies":[{"embeddable":true,"href":"https:\/\/archive.sana.sy\/es\/index.php?rest_route=%2Fwp%2Fv2%2Fcomments&post=14645"}],"version-history":[{"count":0,"href":"https:\/\/archive.sana.sy\/es\/index.php?rest_route=\/wp\/v2\/posts\/14645\/revisions"}],"wp:featuredmedia":[{"embeddable":true,"href":"https:\/\/archive.sana.sy\/es\/index.php?rest_route=\/wp\/v2\/media\/14646"}],"wp:attachment":[{"href":"https:\/\/archive.sana.sy\/es\/index.php?rest_route=%2Fwp%2Fv2%2Fmedia&parent=14645"}],"wp:term":[{"taxonomy":"category","embeddable":true,"href":"https:\/\/archive.sana.sy\/es\/index.php?rest_route=%2Fwp%2Fv2%2Fcategories&post=14645"},{"taxonomy":"post_tag","embeddable":true,"href":"https:\/\/archive.sana.sy\/es\/index.php?rest_route=%2Fwp%2Fv2%2Ftags&post=14645"}],"curies":[{"name":"wp","href":"https:\/\/api.w.org\/{rel}","templated":true}]}}