{"id":146635,"date":"2020-07-17T15:40:28","date_gmt":"2020-07-17T12:40:28","guid":{"rendered":"http:\/\/sana.sy\/es\/?p=146635"},"modified":"2020-07-17T15:40:28","modified_gmt":"2020-07-17T12:40:28","slug":"con-apoyo-estadounidense-la-milicia-fds-secuestra-a-civiles-al-oeste-de-deir-ezzor","status":"publish","type":"post","link":"https:\/\/archive.sana.sy\/es\/?p=146635","title":{"rendered":"Con apoyo estadounidense, la milicia FDS secuestra a civiles al oeste de Deir Ezzor"},"content":{"rendered":"<p><span style=\"color: #800000;\">Deir Ezzor, SANA<\/span><\/p>\n<p style=\"text-align: justify;\">Las bandas de la autodenominada milicia Fuerzas Democr\u00e1ticas de Siria (FDS), respaldados por las fuerzas de ocupaci\u00f3n estadounidenses, continuaron sus cr\u00edmenes contra la poblaci\u00f3n en las zonas bajo su dominio.<\/p>\n<p style=\"text-align: justify;\">En las recientes horas, las referidas milicias secuestraron a varios civiles en localidades en el oeste de la provincia de Deir Ezzor en medio de un rechazo popular e ira popular hacia esas bandas y sus pr\u00e1cticas represivas.<\/p>\n<p style=\"text-align: justify;\">\u201cLa FDS, con apoyo estadounidense, asalt\u00f3 Busereh, Al-Ruz, Al-Shahil, Al-Hawaij, Ziban y Al-Jurdi en el oeste de Deir Ezzor despu\u00e9s de asediar esas localidades y secuestraron a decenas de civiles y los llevaron a paraderos desconocidos\u201d, informaron activistas locales.<\/p>\n<p style=\"text-align: justify;\">Agregaron que las fuerzas de ocupaci\u00f3n estadounidenses impusieron un toque de queda total en esas aldeas y cerraron todos los mercados, tiendas y panader\u00edas.<\/p>\n<p style=\"text-align: justify;\">Por otro lado, los residentes de la aldea Al-Jurdi protestaron despu\u00e9s de que una persona fuera disparada, y bloquearon las calles con piedras y neum\u00e1ticos.<\/p>\n<p style=\"text-align: justify;\">Los lugare\u00f1os en la regi\u00f3n al este del r\u00edo \u00c9ufrates protestan a diario en varias ciudades y aldeas de Hasakeh y Deir Ezzor exigiendo la salida de las fuerzas de ocupaci\u00f3n y la milicia FDS de sus \u00e1reas.<\/p>\n<p>A.SH\/F.M<\/p>\n","protected":false},"excerpt":{"rendered":"<p>Deir Ezzor, SANA Las bandas de la autodenominada milicia Fuerzas Democr\u00e1ticas de Siria (FDS), respaldados por las fuerzas de ocupaci\u00f3n estadounidenses, continuaron sus cr\u00edmenes contra la poblaci\u00f3n en las zonas bajo su dominio. En las recientes horas, las referidas milicias secuestraron a varios civiles en localidades en el oeste de la provincia de Deir Ezzor &hellip;<\/p>\n","protected":false},"author":36,"featured_media":146636,"comment_status":"closed","ping_status":"closed","sticky":false,"template":"","format":"standard","meta":{"footnotes":""},"categories":[597,573,7541],"tags":[18079],"class_list":["post-146635","post","type-post","status-publish","format-standard","has-post-thumbnail","","category-cinta-de-noticias","category-la-realidad-de-los-acontecimientos-en-siria","category-ultimas-noticias","tag-milicia-fds"],"_links":{"self":[{"href":"https:\/\/archive.sana.sy\/es\/index.php?rest_route=\/wp\/v2\/posts\/146635"}],"collection":[{"href":"https:\/\/archive.sana.sy\/es\/index.php?rest_route=\/wp\/v2\/posts"}],"about":[{"href":"https:\/\/archive.sana.sy\/es\/index.php?rest_route=\/wp\/v2\/types\/post"}],"author":[{"embeddable":true,"href":"https:\/\/archive.sana.sy\/es\/index.php?rest_route=\/wp\/v2\/users\/36"}],"replies":[{"embeddable":true,"href":"https:\/\/archive.sana.sy\/es\/index.php?rest_route=%2Fwp%2Fv2%2Fcomments&post=146635"}],"version-history":[{"count":0,"href":"https:\/\/archive.sana.sy\/es\/index.php?rest_route=\/wp\/v2\/posts\/146635\/revisions"}],"wp:featuredmedia":[{"embeddable":true,"href":"https:\/\/archive.sana.sy\/es\/index.php?rest_route=\/wp\/v2\/media\/146636"}],"wp:attachment":[{"href":"https:\/\/archive.sana.sy\/es\/index.php?rest_route=%2Fwp%2Fv2%2Fmedia&parent=146635"}],"wp:term":[{"taxonomy":"category","embeddable":true,"href":"https:\/\/archive.sana.sy\/es\/index.php?rest_route=%2Fwp%2Fv2%2Fcategories&post=146635"},{"taxonomy":"post_tag","embeddable":true,"href":"https:\/\/archive.sana.sy\/es\/index.php?rest_route=%2Fwp%2Fv2%2Ftags&post=146635"}],"curies":[{"name":"wp","href":"https:\/\/api.w.org\/{rel}","templated":true}]}}