{"id":146642,"date":"2020-07-17T17:34:09","date_gmt":"2020-07-17T14:34:09","guid":{"rendered":"http:\/\/sana.sy\/es\/?p=146642"},"modified":"2023-01-12T14:43:50","modified_gmt":"2023-01-12T12:43:50","slug":"represion-de-ocupacion-israeli-deja-a-decenas-de-palestinos-heridos","status":"publish","type":"post","link":"https:\/\/archive.sana.sy\/es\/?p=146642","title":{"rendered":"Represi\u00f3n de ocupaci\u00f3n israel\u00ed deja a decenas de palestinos heridos"},"content":{"rendered":"<p><span style=\"color: #800000;\">Jerusal\u00e9n Ocupada, SANA<\/span><\/p>\n<p style=\"text-align: justify;\">Decenas de palestinos resultaron lesionados y asfixiados este viernes tras la supresi\u00f3n de las fuerzas de ocupaci\u00f3n israel\u00ed de una manifestaci\u00f3n en el pueblo de Kafr Qaddoum, seg\u00fan inform\u00f3 la agencia palestina de noticias (MAAN).<\/p>\n<p style=\"text-align: justify;\">&#8220;Las fuerzas del ocupante sionista abrieron fuego y emplearon bombas de gas t\u00f3xico contra los manifestantes, lo que dej\u00f3 a decenas de heridos y asfixiados en las filas de los manifestantes&#8221;, detall\u00f3, Murad Shteiwi, coordinador de la Resistencia Popular en Kafr Qaddum.<\/p>\n<p style=\"text-align: justify;\">Cabe se\u00f1alar que dicha protesta se organiza semanalmente en Kafr Qaddoum en contra de la construcci\u00f3n de asentamientos por la ocupaci\u00f3n israel\u00ed, y para reclamar la apertura de la calle del pueblo, que lleva 16 a\u00f1os cerrada.<\/p>\n<p>M.M<\/p>\n","protected":false},"excerpt":{"rendered":"<p>Jerusal\u00e9n Ocupada, SANA Decenas de palestinos resultaron lesionados y asfixiados este viernes tras la supresi\u00f3n de las fuerzas de ocupaci\u00f3n israel\u00ed de una manifestaci\u00f3n en el pueblo de Kafr Qaddoum, seg\u00fan inform\u00f3 la agencia palestina de noticias (MAAN). &#8220;Las fuerzas del ocupante sionista abrieron fuego y emplearon bombas de gas t\u00f3xico contra los manifestantes, lo &hellip;<\/p>\n","protected":false},"author":36,"featured_media":146643,"comment_status":"closed","ping_status":"closed","sticky":false,"template":"","format":"standard","meta":{"footnotes":""},"categories":[597,456,457],"tags":[1494],"class_list":["post-146642","post","type-post","status-publish","format-standard","has-post-thumbnail","","category-cinta-de-noticias","category-arabe-internacional-politica","category-noticias-arabe-internacional-politica","tag-palestina"],"_links":{"self":[{"href":"https:\/\/archive.sana.sy\/es\/index.php?rest_route=\/wp\/v2\/posts\/146642"}],"collection":[{"href":"https:\/\/archive.sana.sy\/es\/index.php?rest_route=\/wp\/v2\/posts"}],"about":[{"href":"https:\/\/archive.sana.sy\/es\/index.php?rest_route=\/wp\/v2\/types\/post"}],"author":[{"embeddable":true,"href":"https:\/\/archive.sana.sy\/es\/index.php?rest_route=\/wp\/v2\/users\/36"}],"replies":[{"embeddable":true,"href":"https:\/\/archive.sana.sy\/es\/index.php?rest_route=%2Fwp%2Fv2%2Fcomments&post=146642"}],"version-history":[{"count":0,"href":"https:\/\/archive.sana.sy\/es\/index.php?rest_route=\/wp\/v2\/posts\/146642\/revisions"}],"wp:featuredmedia":[{"embeddable":true,"href":"https:\/\/archive.sana.sy\/es\/index.php?rest_route=\/wp\/v2\/media\/146643"}],"wp:attachment":[{"href":"https:\/\/archive.sana.sy\/es\/index.php?rest_route=%2Fwp%2Fv2%2Fmedia&parent=146642"}],"wp:term":[{"taxonomy":"category","embeddable":true,"href":"https:\/\/archive.sana.sy\/es\/index.php?rest_route=%2Fwp%2Fv2%2Fcategories&post=146642"},{"taxonomy":"post_tag","embeddable":true,"href":"https:\/\/archive.sana.sy\/es\/index.php?rest_route=%2Fwp%2Fv2%2Ftags&post=146642"}],"curies":[{"name":"wp","href":"https:\/\/api.w.org\/{rel}","templated":true}]}}